{"id":25589,"date":"2024-04-29T09:14:11","date_gmt":"2024-04-29T12:14:11","guid":{"rendered":"https:\/\/lrm67.com\/?p=25589"},"modified":"2024-04-29T09:14:11","modified_gmt":"2024-04-29T12:14:11","slug":"apos-adequacoes-ambientais-mpf-arquiva-inquerito-contra-cia-docas-em-s-s","status":"publish","type":"post","link":"https:\/\/lrm67.com\/index.php\/2024\/04\/29\/apos-adequacoes-ambientais-mpf-arquiva-inquerito-contra-cia-docas-em-s-s\/","title":{"rendered":"Ap\u00f3s adequa\u00e7\u00f5es ambientais, MPF arquiva inqu\u00e9rito contra Cia Docas em S.S"},"content":{"rendered":"<p>Marcello Ver\u00edssimo<\/p>\n<p>Ap\u00f3s ser cobrada e resolver problemas pendentes no atendimento de emerg\u00eancias ambientais dentro do terminal do Porto de S\u00e3o Sebasti\u00e3o, o MPF (Minist\u00e9rio P\u00fablico Federal) arquivou inqu\u00e9rito contra a Companhia Docas.<\/p>\n<p>De acordo com o MPF, a companhia contratou uma nova empresa de monitoramento ambiental e nos \u00faltimos 12 meses adotou medidas que possibilitaram a capacita\u00e7\u00e3o<br \/>\nde equipes especializadas no atendimento de ocorr\u00eancias como vazamentos de \u00f3leo, al\u00e9m de recuperar equipamentos que s\u00e3o utilizados neste tipo de ocorr\u00eancia.<\/p>\n<p>Antes da nova empresa, de acordo com o MPF, o terminal mar\u00edtimo contava com uma equipe provis\u00f3ria com 19 funcion\u00e1rios da Companhia Docas, que n\u00e3o possu\u00edam experi\u00eancia no atendimento de urg\u00eancias e a qualifica\u00e7\u00e3o necess\u00e1ria para atuar.<\/p>\n<p>De acordo com as investiga\u00e7\u00f5es, isso acontecia desde 2019 com o encerramento do contrato da antiga empresa.<\/p>\n<p>O edital de contrata\u00e7\u00e3o saiu em 2022 e a vendedora foi a empresa Ocean Safer que passou a gerenciar o Centro de Atendimento a Emerg\u00eancias do porto em abril do ano passado.<\/p>\n","protected":false},"excerpt":{"rendered":"<p>Marcello Ver\u00edssimo Ap\u00f3s ser cobrada e resolver problemas pendentes no atendimento de emerg\u00eancias ambientais dentro do terminal do Porto de S\u00e3o Sebasti\u00e3o, o MPF (Minist\u00e9rio P\u00fablico Federal) arquivou inqu\u00e9rito contra a Companhia Docas. De acordo com o MPF, a companhia contratou uma nova empresa de monitoramento ambiental e nos \u00faltimos 12 meses adotou medidas que [&hellip;]<\/p>\n","protected":false},"author":28,"featured_media":25590,"comment_status":"open","ping_status":"open","sticky":false,"template":"","format":"standard","meta":{"footnotes":""},"categories":[7,2,29,13],"tags":[],"class_list":["post-25589","post","type-post","status-publish","format-standard","has-post-thumbnail","hentry","category-destaque","category-geral","category-justica","category-sao-sebastiao"],"aioseo_notices":[],"_links":{"self":[{"href":"https:\/\/lrm67.com\/index.php\/wp-json\/wp\/v2\/posts\/25589","targetHints":{"allow":["GET"]}}],"collection":[{"href":"https:\/\/lrm67.com\/index.php\/wp-json\/wp\/v2\/posts"}],"about":[{"href":"https:\/\/lrm67.com\/index.php\/wp-json\/wp\/v2\/types\/post"}],"author":[{"embeddable":true,"href":"https:\/\/lrm67.com\/index.php\/wp-json\/wp\/v2\/users\/28"}],"replies":[{"embeddable":true,"href":"https:\/\/lrm67.com\/index.php\/wp-json\/wp\/v2\/comments?post=25589"}],"version-history":[{"count":1,"href":"https:\/\/lrm67.com\/index.php\/wp-json\/wp\/v2\/posts\/25589\/revisions"}],"predecessor-version":[{"id":25591,"href":"https:\/\/lrm67.com\/index.php\/wp-json\/wp\/v2\/posts\/25589\/revisions\/25591"}],"wp:featuredmedia":[{"embeddable":true,"href":"https:\/\/lrm67.com\/index.php\/wp-json\/wp\/v2\/media\/25590"}],"wp:attachment":[{"href":"https:\/\/lrm67.com\/index.php\/wp-json\/wp\/v2\/media?parent=25589"}],"wp:term":[{"taxonomy":"category","embeddable":true,"href":"https:\/\/lrm67.com\/index.php\/wp-json\/wp\/v2\/categories?post=25589"},{"taxonomy":"post_tag","embeddable":true,"href":"https:\/\/lrm67.com\/index.php\/wp-json\/wp\/v2\/tags?post=25589"}],"curies":[{"name":"wp","href":"https:\/\/api.w.org\/{rel}","templated":true}]}}