{"id":25499,"date":"2024-04-24T18:45:31","date_gmt":"2024-04-24T21:45:31","guid":{"rendered":"https:\/\/lrm67.com\/?p=25499"},"modified":"2024-04-24T18:45:31","modified_gmt":"2024-04-24T21:45:31","slug":"jubartes-comecam-a-chegar-e-sao-sebastiao-inicia-ativacao-da-temporada-de-baleias","status":"publish","type":"post","link":"https:\/\/lrm67.com\/index.php\/2024\/04\/24\/jubartes-comecam-a-chegar-e-sao-sebastiao-inicia-ativacao-da-temporada-de-baleias\/","title":{"rendered":"Jubartes come\u00e7am a chegar e S\u00e3o Sebasti\u00e3o inicia ativa\u00e7\u00e3o da temporada de baleias"},"content":{"rendered":"<p>As baleias est\u00e3o chegando mais cedo? Ainda n\u00e3o d\u00e1 para saber, mas \u00e9 certo que a primeira jubarte de 2024 foi vista no Litoral Norte na semana passada, praticamente na mesma data que S\u00e3o Sebasti\u00e3o come\u00e7ou a ativa\u00e7\u00e3o da temporada de avistamento das gigantes do mar, que vai de maio a agosto. Trata-se de uma baleia jovem, segundo J\u00falio Cardoso, fundador do Projeto Baleia \u00e0 Vista.<\/p>\n<p>Ele recebeu o v\u00eddeo do cet\u00e1ceo saltando para fora da \u00e1gua, um dos mais belos espet\u00e1culos do mar. O registro foi feito por Jeferson Ramiro, capit\u00e3o de um barco de passeios tur\u00edsticos. \u201cNo dia seguinte foi registrado um outro avistamento na regi\u00e3o, mas tudo indica ser a mesma baleia\u201d, conta Cardoso. Todos os anos, jubartes saem da Ant\u00e1rctica em busca de \u00e1guas mais quentes da costa brasileira para se reproduzirem e passam pelo Litoral Norte.<\/p>\n<p>A temporada de baleias de 2023 terminou com o recorde de 740 avistamentos no Canal de S\u00e3o Sebasti\u00e3o e a expectativa para este ano \u00e9 grande. \u201c\u00c9, sem d\u00favida, um espet\u00e1culo que a maioria das pessoas gostaria de presenciar. \u00c9 uma atra\u00e7\u00e3o tur\u00edstica cujo interesse est\u00e1 crescendo e que nos orgulhamos de desenvolver com sustentabilidade. Tanto que no final do ano passado ganhamos o Pr\u00eamio Braztoa pela implementa\u00e7\u00e3o bem-sucedida do turismo de observa\u00e7\u00e3o de baleias que preza pela preserva\u00e7\u00e3o ambiental\u201d, relembra Adriana Augusto Balbo, secret\u00e1ria de Turismo de S\u00e3o Sebasti\u00e3o.<\/p>\n<p>Apostando que essa atividade de ecoturismo pode crescer ainda mais no munic\u00edpio, S\u00e3o Sebasti\u00e3o destacou as baleias em seu stand na WTM (World Travel Market), uma das maiores feiras de turismo do Brasil, que ocorreu de 15 a 17 de abril. Na ativa\u00e7\u00e3o, destacou-se uma experi\u00eancia imersiva \u00fanica proporcionada por \u00f3culos 3D, que coloca o usu\u00e1rio a bordo de um barco no Canal de S\u00e3o Sebasti\u00e3o avistando baleias jubartes, inclusive com a sensa\u00e7\u00e3o que pode ser atingida pela \u00e1gua que elas espalham ao emergir e submergir.<\/p>\n<p>Tamb\u00e9m fez parte do espa\u00e7o de ativa\u00e7\u00e3o uma escultura de uma baleia, cuidadosamente esculpida para transmitir toda a grandiosidade desses majestosos animais marinhos. E, no \u00faltimo dia da WTM, a Secretaria de Turismo levou 12 pessoas de S\u00e3o Sebasti\u00e3o, entre monitores ambientais, representantes do trade tur\u00edstico, de ag\u00eancias e operadoras, artes\u00e3os e pescadores, para o stand de S\u00e3o Sebasti\u00e3o, para conhecerem de perto a feita de turismo e saberem como est\u00e1 sendo feita a ativa\u00e7\u00e3o da temporada de baleias 2024.<\/p>\n<p>Outro destaque na WTM foi o chef cai\u00e7ara Eudes Assis, que promoveu uma aula de gastronomia no estande da Secretaria de Turismo e Viagens de S\u00e3o Paulo, ensinando a preparar o prato cai\u00e7ara arroz de peixe seco com taioba refogada e banana da terra.<\/p>\n<h2>Avistamento de Baleia<\/h2>\n<p>O avistamento de baleia \u00e9 uma atividade tur\u00edstica relativamente recente em S\u00e3o Sebasti\u00e3o. Come\u00e7ou em 2018 quando, com os primeiros avistamentos de populares, a cidade iniciou estudos e tratativas com o Instituto Baleia Jubarte e o Projeto Baleia \u00e0 Vista. \u201cN\u00f3s trabalhamos com fotoidentifica\u00e7\u00e3o das jubartes que passam pelo Canal de S\u00e3o Sebasti\u00e3o. A parte inferior da cauda \u00e9 a \u2018digital\u2019 da jubarte. Turistas e a popula\u00e7\u00e3o em geral podem nos ajudar neste trabalho enviando fotos da cauda dos animais que avistar\u201d, convida Cardoso.<\/p>\n<p>Nos \u00faltimos anos, cresceu em n\u00famero de animais observados, na import\u00e2ncia enquanto atividade econ\u00f4mica e em sustentabilidade. \u201cS\u00e3o Sebasti\u00e3o, j\u00e1 muito conhecida por suas praias e natureza deslumbrantes, tamb\u00e9m \u00e9 destino para avistamento de baleias. \u00c9 essa mensagem que queremos que chegue aos turistas. E que estamos empenhados em promover o turismo sustent\u00e1vel e a preserva\u00e7\u00e3o do meio ambiente\u201d, acrescenta Adriana. A temporada de baleias come\u00e7a em maio e vai at\u00e9 agosto, mas os meses com maior n\u00famero de avistamento s\u00e3o junho e julho.<\/p>\n<p>Para mais informa\u00e7\u00f5es sobre passeios voltados \u00e0 avistagem de cet\u00e1ceos, ligue para a Secretaria de Turismo: (12) 3892-2620 ou acesse\u00a0www.turismosaosebastiao.com.br\/o-que-fazer\/observacao-de-baleias.<\/p>\n<h2>Regras<\/h2>\n<p>Na temporada de avistamento de baleias, os turistas saem ao mar, de v\u00e1rios pontos do litoral de S\u00e3o Sebasti\u00e3o, em embarca\u00e7\u00f5es previamente cadastradas e com toda tripula\u00e7\u00e3o capacitada para cumprir todas as normas de avistagem, que determina como proceder na aproxima\u00e7\u00e3o de cet\u00e1ceos, e com a presen\u00e7a de um representante do Projeto Baleia Jubarte para uma palestra de conhecimento. H\u00e1 regras como o m\u00e1ximo de duas embarca\u00e7\u00f5es por cada grupo de baleias, limite de aproxima\u00e7\u00e3o de 100 metros dos animais, motor neutro e permanecer no local por no m\u00e1ximo meia hora.<\/p>\n<p>H\u00e1, inclusive, protocolo de medidas quando uma baleia \u00e9 avistada no Canal de S\u00e3o Sebasti\u00e3o, conta o fundador do Projeto Baleia \u00e0 Vista. \u201c\u00c9 emitido um alerta vermelho para que as balsas e demais embarca\u00e7\u00f5es reduzam a velocidade e redobrem a aten\u00e7\u00e3o\u201d, conta o fundador do projeto. Ele ressalta a import\u00e2ncia de os turistas autorizados a conduzir embarca\u00e7\u00e3o tamb\u00e9m cumprirem essas regras.<\/p>\n","protected":false},"excerpt":{"rendered":"<p>As baleias est\u00e3o chegando mais cedo? Ainda n\u00e3o d\u00e1 para saber, mas \u00e9 certo que a primeira jubarte de 2024 foi vista no Litoral Norte na semana passada, praticamente na mesma data que S\u00e3o Sebasti\u00e3o come\u00e7ou a ativa\u00e7\u00e3o da temporada de avistamento das gigantes do mar, que vai de maio a agosto. Trata-se de uma [&hellip;]<\/p>\n","protected":false},"author":26,"featured_media":25500,"comment_status":"open","ping_status":"open","sticky":false,"template":"","format":"standard","meta":{"footnotes":""},"categories":[13,5],"tags":[],"class_list":["post-25499","post","type-post","status-publish","format-standard","has-post-thumbnail","hentry","category-sao-sebastiao","category-turismo"],"aioseo_notices":[],"_links":{"self":[{"href":"https:\/\/lrm67.com\/index.php\/wp-json\/wp\/v2\/posts\/25499","targetHints":{"allow":["GET"]}}],"collection":[{"href":"https:\/\/lrm67.com\/index.php\/wp-json\/wp\/v2\/posts"}],"about":[{"href":"https:\/\/lrm67.com\/index.php\/wp-json\/wp\/v2\/types\/post"}],"author":[{"embeddable":true,"href":"https:\/\/lrm67.com\/index.php\/wp-json\/wp\/v2\/users\/26"}],"replies":[{"embeddable":true,"href":"https:\/\/lrm67.com\/index.php\/wp-json\/wp\/v2\/comments?post=25499"}],"version-history":[{"count":1,"href":"https:\/\/lrm67.com\/index.php\/wp-json\/wp\/v2\/posts\/25499\/revisions"}],"predecessor-version":[{"id":25501,"href":"https:\/\/lrm67.com\/index.php\/wp-json\/wp\/v2\/posts\/25499\/revisions\/25501"}],"wp:featuredmedia":[{"embeddable":true,"href":"https:\/\/lrm67.com\/index.php\/wp-json\/wp\/v2\/media\/25500"}],"wp:attachment":[{"href":"https:\/\/lrm67.com\/index.php\/wp-json\/wp\/v2\/media?parent=25499"}],"wp:term":[{"taxonomy":"category","embeddable":true,"href":"https:\/\/lrm67.com\/index.php\/wp-json\/wp\/v2\/categories?post=25499"},{"taxonomy":"post_tag","embeddable":true,"href":"https:\/\/lrm67.com\/index.php\/wp-json\/wp\/v2\/tags?post=25499"}],"curies":[{"name":"wp","href":"https:\/\/api.w.org\/{rel}","templated":true}]}}