{"id":25485,"date":"2024-04-24T12:27:56","date_gmt":"2024-04-24T15:27:56","guid":{"rendered":"https:\/\/lrm67.com\/?p=25485"},"modified":"2024-04-24T18:47:14","modified_gmt":"2024-04-24T21:47:14","slug":"com-retorno-de-vereador-suspeito-de-assedio-sexual-camara-tem-nova-sessao-polemica-na-noite-desta-terca-feira-23","status":"publish","type":"post","link":"https:\/\/lrm67.com\/index.php\/2024\/04\/24\/com-retorno-de-vereador-suspeito-de-assedio-sexual-camara-tem-nova-sessao-polemica-na-noite-desta-terca-feira-23\/","title":{"rendered":"C\u00e2mara tem nova sess\u00e3o pol\u00eamica com retorno de vereador suspeito de ass\u00e9dio sexual"},"content":{"rendered":"<p>Marcello Ver\u00edssimo<\/p>\n<p>Como j\u00e1 era esperado, mais uma vez, a sess\u00e3o da C\u00e2mara de S\u00e3o Sebasti\u00e3o na noite desta ter\u00e7a-feira (23) serviu de palanque para o que vem por a\u00ed na reta final da campanha das elei\u00e7\u00f5es municipais.<\/p>\n<p>No centro da baixaria, o vereador tucano Diego Nabuco, que diante uma decis\u00e3o liminar, conseguiu o direito de voltar ao trabalho ap\u00f3s ter sido afastado na semana passada por suspeitas de ass\u00e9dio sexual. Nabuco, que \u00e9 aliado do prefeito Felipe Augusto, havia sido afastado por 90 dias de suas fun\u00e7\u00f5es ap\u00f3s parecer da Comiss\u00e3o de \u00c9tica e Decoro.<\/p>\n<p>Na decis\u00e3o liminar, o juiz entendeu que \u201cinexiste previs\u00e3o para se sustentar o afastamento cautelar por decis\u00e3o do Poder Legislativo no \u00e2mbito do processo de cassa\u00e7\u00e3o de mandato\u201d.<\/p>\n<p>O plen\u00e1rio Zino Milit\u00e3o dos Santos, novamente, ficou lotado. Em sua maioria, mulheres contra e a favor do parlamentar. A transmiss\u00e3o pela internet reproduziu o que quem estava na casa viu de perto: gritos, confrontos e discuss\u00f5es constantes.<\/p>\n<p>Conhecido por ser um homem temente a Deus e a fam\u00edlia, o vereador Nabuco contou com o apoio de sua esposa que chegou a arrancar um cartaz das m\u00e3os de uma das manifestantes contr\u00e1rias ao retorno do parlamentar. \u201cN\u00e3o vou dar ouvidos aos idiotas que est\u00e3o ali fora. Cara a cara tem medo\u201d, desafiou Nabuco, ao pegar o microfone em sua fala.<\/p>\n<p>Tentando mediar a confus\u00e3o, em um dos v\u00e1rios momentos com \u00e2nimo a flor da pele, o presidente da C\u00e2mara, Marcos Fuly (DEM) disse que apesar do vereador ter sido afastado por unanimidade, enquanto forem realizadas as investiga\u00e7\u00f5es pela comiss\u00e3o, no prazo de at\u00e9 90 dias, ele teve que ser reintegrado por ordem judicial.<\/p>\n<p>Nabuco disse que vai provar sua inoc\u00eancia. \u201cQuerem me derrubar politicamente, mas vou provar que n\u00e3o estou errado. A resposta e as defesas j\u00e1 foram feitas na parte criminal. Aqui, j\u00e1 me condenaram sem direito \u00e0 defesa\u201d, disse o vereador. \u201cPara me tirar daqui tem que ser no voto. N\u00e3o adianta tentar tirar no grito, no tapet\u00e3o e acusa\u00e7\u00e3o falsa. Eu n\u00e3o vou sair! Eu n\u00e3o vou sair! N\u00e3o adianta fazer discurso pol\u00edtico em cima de uma den\u00fancia t\u00e3o grave\u201d, ele afirmou.<\/p>\n<p>Diante o tumulto, o presidente Marcos Fuly resolveu suspender a sess\u00e3o.<\/p>\n<p>Em uma nova tentativa de continuar, em v\u00e3o, mesmo com a presen\u00e7a de policiais militares, o presidente Fuly resolveu encerrar a sess\u00e3o.<\/p>\n<p>Pautas importantes e de repercuss\u00e3o p\u00fablica n\u00e3o conseguiram ser votadas, entre elas o PDL do Ara\u00e7\u00e1 e as contas do prefeito Felipe Augusto dos anos de 2020 e 2021, que foram rejeitadas pelo Tribunal de Contas do Estado.<\/p>\n","protected":false},"excerpt":{"rendered":"<p>Marcello Ver\u00edssimo Como j\u00e1 era esperado, mais uma vez, a sess\u00e3o da C\u00e2mara de S\u00e3o Sebasti\u00e3o na noite desta ter\u00e7a-feira (23) serviu de palanque para o que vem por a\u00ed na reta final da campanha das elei\u00e7\u00f5es municipais. No centro da baixaria, o vereador tucano Diego Nabuco, que diante uma decis\u00e3o liminar, conseguiu o direito [&hellip;]<\/p>\n","protected":false},"author":28,"featured_media":25486,"comment_status":"open","ping_status":"open","sticky":false,"template":"","format":"standard","meta":{"footnotes":""},"categories":[7,16,13],"tags":[],"class_list":["post-25485","post","type-post","status-publish","format-standard","has-post-thumbnail","hentry","category-destaque","category-politica","category-sao-sebastiao"],"aioseo_notices":[],"_links":{"self":[{"href":"https:\/\/lrm67.com\/index.php\/wp-json\/wp\/v2\/posts\/25485","targetHints":{"allow":["GET"]}}],"collection":[{"href":"https:\/\/lrm67.com\/index.php\/wp-json\/wp\/v2\/posts"}],"about":[{"href":"https:\/\/lrm67.com\/index.php\/wp-json\/wp\/v2\/types\/post"}],"author":[{"embeddable":true,"href":"https:\/\/lrm67.com\/index.php\/wp-json\/wp\/v2\/users\/28"}],"replies":[{"embeddable":true,"href":"https:\/\/lrm67.com\/index.php\/wp-json\/wp\/v2\/comments?post=25485"}],"version-history":[{"count":3,"href":"https:\/\/lrm67.com\/index.php\/wp-json\/wp\/v2\/posts\/25485\/revisions"}],"predecessor-version":[{"id":25492,"href":"https:\/\/lrm67.com\/index.php\/wp-json\/wp\/v2\/posts\/25485\/revisions\/25492"}],"wp:featuredmedia":[{"embeddable":true,"href":"https:\/\/lrm67.com\/index.php\/wp-json\/wp\/v2\/media\/25486"}],"wp:attachment":[{"href":"https:\/\/lrm67.com\/index.php\/wp-json\/wp\/v2\/media?parent=25485"}],"wp:term":[{"taxonomy":"category","embeddable":true,"href":"https:\/\/lrm67.com\/index.php\/wp-json\/wp\/v2\/categories?post=25485"},{"taxonomy":"post_tag","embeddable":true,"href":"https:\/\/lrm67.com\/index.php\/wp-json\/wp\/v2\/tags?post=25485"}],"curies":[{"name":"wp","href":"https:\/\/api.w.org\/{rel}","templated":true}]}}