{"id":25265,"date":"2024-04-12T08:26:01","date_gmt":"2024-04-12T11:26:01","guid":{"rendered":"https:\/\/lrm67.com\/?p=25265"},"modified":"2024-04-12T08:26:01","modified_gmt":"2024-04-12T11:26:01","slug":"festival-folk-blues-comeca-nesta-sexta-feira-em-ilhabela","status":"publish","type":"post","link":"https:\/\/lrm67.com\/index.php\/2024\/04\/12\/festival-folk-blues-comeca-nesta-sexta-feira-em-ilhabela\/","title":{"rendered":"Festival \u201cFolk &#038; Blues\u201d come\u00e7a nesta sexta-feira em Ilhabela"},"content":{"rendered":"<p>Marcello Ver\u00edssimo<\/p>\n<p>Come\u00e7a nesta sexta-feira (12) a 8\u00aa edi\u00e7\u00e3o do Festival Folk &amp; Blues, tradicional evento musical do calend\u00e1rio oficial de Ilhabela. At\u00e9 o pr\u00f3ximo domingo (14), a programa\u00e7\u00e3o re\u00fane grandes nomes da m\u00fasica nacional e tamb\u00e9m do cen\u00e1rio art\u00edstico local.<\/p>\n<p>De acordo com a Prefeitura de Ilhabela, entre os destaques na programa\u00e7\u00e3o est\u00e3o os m\u00fasicos Z\u00e9 Geraldo, Nuno Mindelis e Wilson Sideral.<\/p>\n<p><strong>Confira<\/strong>:<\/p>\n<p>Z\u00e9 Geraldo &#8211; Sexta-feira (12)<br \/>\nA obra de Z\u00e9 Geraldo funde o rock e a m\u00fasica caipira, estilo que foi definido pela m\u00eddia nos anos 1970 como &#8220;rock rural\u201d, popularizando-o no eixo Rio-S\u00e3o Paulo e ganhando muitos adeptos. Aproxima-se do folk rock, caracterizado pela levada semelhante ao rock tocado com viol\u00e3o, e serve como forma de express\u00e3o de temas relacionados \u00e0 vida no campo ou cr\u00edticas ao mundo moderno industrializado.<\/p>\n<p>Nuno Mindelis &#8211; S\u00e1bado (13)<br \/>\n\u00c9 um dos mais conceituados guitarristas de blues do Brasil com mais de 30 anos de carreira. Nascido em 7 de agosto de 1957 em Cabinda, Angola, Nuno Mindelis se apaixonou pela guitarra aos cinco anos de idade. Aos nove, j\u00e1 estava tocando instrumentos constru\u00eddos por ele mesmo. Durante sua inf\u00e2ncia ouviu grandes nomes do Blues que ajudaram a formar seu estilo.<\/p>\n<p>Wilson Sideral &#8211; Domingo (14)<br \/>\nCantor, compositor, guitarrista e produtor musical Wilson Sideral mistura elementos do rock, soul mpb e blues. Irm\u00e3o do m\u00fasico Rog\u00e9rio Flausino e primo do m\u00fasico Marcus Menna com quem tem can\u00e7\u00f5es em parceria de grande sucesso, Wilson Sideral vem de uma fam\u00edlia mineira com bastante envolvimento na ind\u00fastria musical. O cantor tamb\u00e9m \u00e9 reconhecido por seu trabalho como compositor de sucessos para artistas consagrados da m\u00fasica pop brasileira, como a banda Jota Quest com as m\u00fasicas &#8220;Na Moral&#8221;, \u201cF\u00e1cil\u201d e \u201cJ\u00e1 Foi\u201d.<\/p>\n<p><strong>Programa\u00e7\u00e3o completa do 8\u00ba Festival Ilhabela Folk e Blues<\/strong><\/p>\n<p>Sexta-feira (12)<br \/>\n19h30 \u2013 Felipe Bianchi Trio<br \/>\n20h50 \u2013 Nelson Farias<br \/>\n22h \u2013 Z\u00e9 Geraldo<\/p>\n<p>S\u00e1bado (13)<br \/>\n19h30 \u2013 C\u00e9sar Cardoso Band<br \/>\n20h50 \u2013 Felipe Blu Band<br \/>\n22h \u2013 Nuno Mindelis<\/p>\n<p>Domingo (14)<br \/>\n19h30 \u2013 Jazz na Bike<br \/>\n20h50 \u2013 Banda Capit\u00e3o Lui<br \/>\n22h \u2013 Wilson Sideral<\/p>\n","protected":false},"excerpt":{"rendered":"<p>Marcello Ver\u00edssimo Come\u00e7a nesta sexta-feira (12) a 8\u00aa edi\u00e7\u00e3o do Festival Folk &amp; Blues, tradicional evento musical do calend\u00e1rio oficial de Ilhabela. At\u00e9 o pr\u00f3ximo domingo (14), a programa\u00e7\u00e3o re\u00fane grandes nomes da m\u00fasica nacional e tamb\u00e9m do cen\u00e1rio art\u00edstico local. De acordo com a Prefeitura de Ilhabela, entre os destaques na programa\u00e7\u00e3o est\u00e3o os [&hellip;]<\/p>\n","protected":false},"author":28,"featured_media":25266,"comment_status":"open","ping_status":"open","sticky":false,"template":"","format":"standard","meta":{"footnotes":""},"categories":[7,12,3],"tags":[],"class_list":["post-25265","post","type-post","status-publish","format-standard","has-post-thumbnail","hentry","category-destaque","category-eventos","category-ilhabela"],"aioseo_notices":[],"_links":{"self":[{"href":"https:\/\/lrm67.com\/index.php\/wp-json\/wp\/v2\/posts\/25265","targetHints":{"allow":["GET"]}}],"collection":[{"href":"https:\/\/lrm67.com\/index.php\/wp-json\/wp\/v2\/posts"}],"about":[{"href":"https:\/\/lrm67.com\/index.php\/wp-json\/wp\/v2\/types\/post"}],"author":[{"embeddable":true,"href":"https:\/\/lrm67.com\/index.php\/wp-json\/wp\/v2\/users\/28"}],"replies":[{"embeddable":true,"href":"https:\/\/lrm67.com\/index.php\/wp-json\/wp\/v2\/comments?post=25265"}],"version-history":[{"count":1,"href":"https:\/\/lrm67.com\/index.php\/wp-json\/wp\/v2\/posts\/25265\/revisions"}],"predecessor-version":[{"id":25267,"href":"https:\/\/lrm67.com\/index.php\/wp-json\/wp\/v2\/posts\/25265\/revisions\/25267"}],"wp:featuredmedia":[{"embeddable":true,"href":"https:\/\/lrm67.com\/index.php\/wp-json\/wp\/v2\/media\/25266"}],"wp:attachment":[{"href":"https:\/\/lrm67.com\/index.php\/wp-json\/wp\/v2\/media?parent=25265"}],"wp:term":[{"taxonomy":"category","embeddable":true,"href":"https:\/\/lrm67.com\/index.php\/wp-json\/wp\/v2\/categories?post=25265"},{"taxonomy":"post_tag","embeddable":true,"href":"https:\/\/lrm67.com\/index.php\/wp-json\/wp\/v2\/tags?post=25265"}],"curies":[{"name":"wp","href":"https:\/\/api.w.org\/{rel}","templated":true}]}}