{"id":25143,"date":"2024-04-08T09:26:48","date_gmt":"2024-04-08T12:26:48","guid":{"rendered":"https:\/\/lrm67.com\/?p=25143"},"modified":"2024-04-08T09:26:56","modified_gmt":"2024-04-08T12:26:56","slug":"camara-aprova-pagamento-do-piso-nacional-para-os-professores-em-ubatuba","status":"publish","type":"post","link":"https:\/\/lrm67.com\/index.php\/2024\/04\/08\/camara-aprova-pagamento-do-piso-nacional-para-os-professores-em-ubatuba\/","title":{"rendered":"C\u00e2mara aprova pagamento do Piso Nacional para os professores em Ubatuba"},"content":{"rendered":"<p>Marcello Ver\u00edssimo<\/p>\n<p>A C\u00e2mara de Ubatuba, aprovou na \u00faltima sexta-feira (5) o projeto de lei do Executivo que concede o pagamento do Piso Salarial Profissional Nacional do Magist\u00e9rio aos professores da rede municipal de ensino da cidade. O PL deve beneficiar cerca de mil profissionais, com aumento de 20% nos rendimentos.<\/p>\n<p>De acordo com a C\u00e2mara, o projeto foi aprovado por unanimidade pelos vereadores durante uma sess\u00e3o extraordin\u00e1ria. Ubatuba era a \u00fanica cidade da regi\u00e3o que n\u00e3o pagava o piso para os professores.<\/p>\n<p>A vota\u00e7\u00e3o lotou o plen\u00e1rio com dezenas de professores. Satisfeita com o desfecho do caso, a prefeita Fl\u00e1via Paschoal (PL) disse que a vit\u00f3ria \u00e9 de todos os professores. \u201cE representa um passo importante para a valoriza\u00e7\u00e3o da classe e o fortalecimento da prioridade n\u00famero um do nosso governo: a educa\u00e7\u00e3o\u201d.<\/p>\n<p>Para a professora da Rede Municipal, Inah Ara\u00fajo, foi emocionante.\u201c\u00c9 uma conquista que buscamos h\u00e1 muito tempo e finalmente vemos nosso esfor\u00e7o reconhecido. Estou muito emocionada\u201d.<\/p>\n<p>A regulamenta\u00e7\u00e3o do piso nacional dos professores \u00e9 garantida pela Lei do Piso Salarial Profissional Nacional do Magist\u00e9rio, sancionada em 2008.<\/p>\n<p>A lei determina que o sal\u00e1rio dos professores da rede p\u00fablica deve ser atualizado anualmente, acompanhando o crescimento do valor m\u00ednimo por aluno do Fundo de Manuten\u00e7\u00e3o e Desenvolvimento da Educa\u00e7\u00e3o B\u00e1sica e de Valoriza\u00e7\u00e3o dos Profissionais da Educa\u00e7\u00e3o (Fundeb).<\/p>\n","protected":false},"excerpt":{"rendered":"<p>Marcello Ver\u00edssimo A C\u00e2mara de Ubatuba, aprovou na \u00faltima sexta-feira (5) o projeto de lei do Executivo que concede o pagamento do Piso Salarial Profissional Nacional do Magist\u00e9rio aos professores da rede municipal de ensino da cidade. O PL deve beneficiar cerca de mil profissionais, com aumento de 20% nos rendimentos. De acordo com a [&hellip;]<\/p>\n","protected":false},"author":28,"featured_media":25144,"comment_status":"open","ping_status":"open","sticky":false,"template":"","format":"standard","meta":{"footnotes":""},"categories":[19,16,14],"tags":[],"class_list":["post-25143","post","type-post","status-publish","format-standard","has-post-thumbnail","hentry","category-educacao","category-politica","category-ubatuba"],"aioseo_notices":[],"_links":{"self":[{"href":"https:\/\/lrm67.com\/index.php\/wp-json\/wp\/v2\/posts\/25143","targetHints":{"allow":["GET"]}}],"collection":[{"href":"https:\/\/lrm67.com\/index.php\/wp-json\/wp\/v2\/posts"}],"about":[{"href":"https:\/\/lrm67.com\/index.php\/wp-json\/wp\/v2\/types\/post"}],"author":[{"embeddable":true,"href":"https:\/\/lrm67.com\/index.php\/wp-json\/wp\/v2\/users\/28"}],"replies":[{"embeddable":true,"href":"https:\/\/lrm67.com\/index.php\/wp-json\/wp\/v2\/comments?post=25143"}],"version-history":[{"count":1,"href":"https:\/\/lrm67.com\/index.php\/wp-json\/wp\/v2\/posts\/25143\/revisions"}],"predecessor-version":[{"id":25145,"href":"https:\/\/lrm67.com\/index.php\/wp-json\/wp\/v2\/posts\/25143\/revisions\/25145"}],"wp:featuredmedia":[{"embeddable":true,"href":"https:\/\/lrm67.com\/index.php\/wp-json\/wp\/v2\/media\/25144"}],"wp:attachment":[{"href":"https:\/\/lrm67.com\/index.php\/wp-json\/wp\/v2\/media?parent=25143"}],"wp:term":[{"taxonomy":"category","embeddable":true,"href":"https:\/\/lrm67.com\/index.php\/wp-json\/wp\/v2\/categories?post=25143"},{"taxonomy":"post_tag","embeddable":true,"href":"https:\/\/lrm67.com\/index.php\/wp-json\/wp\/v2\/tags?post=25143"}],"curies":[{"name":"wp","href":"https:\/\/api.w.org\/{rel}","templated":true}]}}