{"id":25127,"date":"2024-04-08T09:20:19","date_gmt":"2024-04-08T12:20:19","guid":{"rendered":"https:\/\/lrm67.com\/?p=25127"},"modified":"2024-04-08T09:20:19","modified_gmt":"2024-04-08T12:20:19","slug":"show-de-chico-cesar-e-geraldo-azevedo-encanta-publico-em-s-s","status":"publish","type":"post","link":"https:\/\/lrm67.com\/index.php\/2024\/04\/08\/show-de-chico-cesar-e-geraldo-azevedo-encanta-publico-em-s-s\/","title":{"rendered":"Show de Chico C\u00e9sar e Geraldo Azevedo encanta p\u00fablico em S.S"},"content":{"rendered":"<p>Marcello Ver\u00edssimo<\/p>\n<p>A primeira edi\u00e7\u00e3o do Festival Brasileiro em S\u00e3o Sebasti\u00e3o teve a marca do prefeito Felipe Augusto (PSDB) foi ousado e proporcionou alegria para o povo. O evento aconteceu no \u00faltimo fim de semana, de quinta (4) a domingo (7), no Complexo Tur\u00edstico da Rua da Praia, na regi\u00e3o central de S\u00e3o Sebasti\u00e3o.<\/p>\n<p>Uma ode ao pa\u00eds, o festival uniu m\u00fasica, gastronomia e arte de diferentes regi\u00f5es do Brasil.<\/p>\n<p>Entre as atra\u00e7\u00f5es musicais com grandes nomes da MPB (M\u00fasica Popular Brasileira) destaque para o Grande Encontro no show de Chico C\u00e9sar e Geraldo Azevedo, que a reportagem do JDL acompanhou.<br \/>\nInspirad\u00edssima, a dupla foi ovacionada pelo p\u00fablico com cl\u00e1ssicos da tradicional MPB como Mama \u00c1frica, de Chico C\u00e9sar, e Dia Branco, de Geraldo Azevedo, uma das can\u00e7\u00f5es mais aplaudidas pela plateia. \u201cUm show incr\u00edvel! Valeu muito a pena. Obrigada prefeito Felipe e ao vice-prefeito Reinaldinho por trazer esses dois\u201d, disse uma moradora.<\/p>\n<p>Al\u00e9m de Chico e Geraldo, tamb\u00e9m se apresentaram no festival Dudu Dudu Nobre, Faf\u00e1 de Bel\u00e9m e o forr\u00f3 do Trio Virgulino, que encerrou o evento.<\/p>\n<p><img fetchpriority=\"high\" decoding=\"async\" class=\"aligncenter size-full wp-image-25129\" src=\"https:\/\/lrm67.com\/wp-content\/uploads\/2024\/04\/ca63f09f-1fac-4ebb-a501-7b92fc46056f.jpeg\" alt=\"\" width=\"1200\" height=\"1600\" srcset=\"https:\/\/lrm67.com\/wp-content\/uploads\/2024\/04\/ca63f09f-1fac-4ebb-a501-7b92fc46056f.jpeg 1200w, https:\/\/lrm67.com\/wp-content\/uploads\/2024\/04\/ca63f09f-1fac-4ebb-a501-7b92fc46056f-225x300.jpeg 225w, https:\/\/lrm67.com\/wp-content\/uploads\/2024\/04\/ca63f09f-1fac-4ebb-a501-7b92fc46056f-768x1024.jpeg 768w, https:\/\/lrm67.com\/wp-content\/uploads\/2024\/04\/ca63f09f-1fac-4ebb-a501-7b92fc46056f-1152x1536.jpeg 1152w\" sizes=\"(max-width: 1200px) 100vw, 1200px\" \/><\/p>\n","protected":false},"excerpt":{"rendered":"<p>Marcello Ver\u00edssimo A primeira edi\u00e7\u00e3o do Festival Brasileiro em S\u00e3o Sebasti\u00e3o teve a marca do prefeito Felipe Augusto (PSDB) foi ousado e proporcionou alegria para o povo. O evento aconteceu no \u00faltimo fim de semana, de quinta (4) a domingo (7), no Complexo Tur\u00edstico da Rua da Praia, na regi\u00e3o central de S\u00e3o Sebasti\u00e3o. Uma [&hellip;]<\/p>\n","protected":false},"author":28,"featured_media":25128,"comment_status":"open","ping_status":"open","sticky":false,"template":"","format":"standard","meta":{"footnotes":""},"categories":[12,13],"tags":[],"class_list":["post-25127","post","type-post","status-publish","format-standard","has-post-thumbnail","hentry","category-eventos","category-sao-sebastiao"],"aioseo_notices":[],"_links":{"self":[{"href":"https:\/\/lrm67.com\/index.php\/wp-json\/wp\/v2\/posts\/25127","targetHints":{"allow":["GET"]}}],"collection":[{"href":"https:\/\/lrm67.com\/index.php\/wp-json\/wp\/v2\/posts"}],"about":[{"href":"https:\/\/lrm67.com\/index.php\/wp-json\/wp\/v2\/types\/post"}],"author":[{"embeddable":true,"href":"https:\/\/lrm67.com\/index.php\/wp-json\/wp\/v2\/users\/28"}],"replies":[{"embeddable":true,"href":"https:\/\/lrm67.com\/index.php\/wp-json\/wp\/v2\/comments?post=25127"}],"version-history":[{"count":1,"href":"https:\/\/lrm67.com\/index.php\/wp-json\/wp\/v2\/posts\/25127\/revisions"}],"predecessor-version":[{"id":25130,"href":"https:\/\/lrm67.com\/index.php\/wp-json\/wp\/v2\/posts\/25127\/revisions\/25130"}],"wp:featuredmedia":[{"embeddable":true,"href":"https:\/\/lrm67.com\/index.php\/wp-json\/wp\/v2\/media\/25128"}],"wp:attachment":[{"href":"https:\/\/lrm67.com\/index.php\/wp-json\/wp\/v2\/media?parent=25127"}],"wp:term":[{"taxonomy":"category","embeddable":true,"href":"https:\/\/lrm67.com\/index.php\/wp-json\/wp\/v2\/categories?post=25127"},{"taxonomy":"post_tag","embeddable":true,"href":"https:\/\/lrm67.com\/index.php\/wp-json\/wp\/v2\/tags?post=25127"}],"curies":[{"name":"wp","href":"https:\/\/api.w.org\/{rel}","templated":true}]}}