{"id":25121,"date":"2024-04-08T09:16:39","date_gmt":"2024-04-08T12:16:39","guid":{"rendered":"https:\/\/lrm67.com\/?p=25121"},"modified":"2024-04-08T09:16:39","modified_gmt":"2024-04-08T12:16:39","slug":"civil-prende-assassino-que-matou-mulher-com-mais-de-40-facadas-apos-briga-durante-churrasco-em-ubatuba","status":"publish","type":"post","link":"https:\/\/lrm67.com\/index.php\/2024\/04\/08\/civil-prende-assassino-que-matou-mulher-com-mais-de-40-facadas-apos-briga-durante-churrasco-em-ubatuba\/","title":{"rendered":"Civil prende assassino que matou mulher com mais de 40 facadas ap\u00f3s briga durante churrasco em Ubatuba"},"content":{"rendered":"<p>Marcello Ver\u00edssimo<\/p>\n<p>A Pol\u00edcia Civil, em Minas Gerais, prendeu na \u00faltima sexta-feira (5) um homem acusado de feminic\u00eddio. Ele estava escondido na casa de familiares na cidade de Pot\u00e9. De acordo com as investiga\u00e7\u00f5es, o criminoso estava no im\u00f3vel desde que cometeu o assassinato em Ubatuba, em dezembro do ano passado.<\/p>\n<p>A mulher foi morta com v\u00e1rias facadas pelo corpo dentro do seu apartamento, local onde o corpo foi encontrado dias depois.<\/p>\n<p>De acordo com a pol\u00edcia mineira, a v\u00edtima, que na \u00e9poca tinha 59 anos, foi morta por mais de 40 facadas. A maior parte dos golpes atingiu cabe\u00e7a e barriga. O criminoso matou, trancou o apartamento e fugiu para o outro estado.<\/p>\n<p>As investiga\u00e7\u00f5es mostraram que o corpo foi localizado por vizinhos dias depois. Eles sentiram mau cheiro vindo do apartamento e acionaram a Pol\u00edcia Militar. Quando o cad\u00e1ver foi encontrado j\u00e1 estava em avan\u00e7ado estado de decomposi\u00e7\u00e3o.<\/p>\n<p>A identidade do criminoso n\u00e3o foi divulgada, mas ele confessou ser o autor do feminic\u00eddio. Apesar disso, ele disse ter agido em leg\u00edtima defesa pois a mulher teria tentado esfaque\u00e1-lo antes.<\/p>\n<p>Em um acesso de raiva, o homem disse que tomou a faca e esfaqueou a mulher at\u00e9 a morte.<\/p>\n","protected":false},"excerpt":{"rendered":"<p>Marcello Ver\u00edssimo A Pol\u00edcia Civil, em Minas Gerais, prendeu na \u00faltima sexta-feira (5) um homem acusado de feminic\u00eddio. Ele estava escondido na casa de familiares na cidade de Pot\u00e9. De acordo com as investiga\u00e7\u00f5es, o criminoso estava no im\u00f3vel desde que cometeu o assassinato em Ubatuba, em dezembro do ano passado. A mulher foi morta [&hellip;]<\/p>\n","protected":false},"author":28,"featured_media":25122,"comment_status":"open","ping_status":"open","sticky":false,"template":"","format":"standard","meta":{"footnotes":""},"categories":[7,15,14],"tags":[],"class_list":["post-25121","post","type-post","status-publish","format-standard","has-post-thumbnail","hentry","category-destaque","category-policia","category-ubatuba"],"aioseo_notices":[],"_links":{"self":[{"href":"https:\/\/lrm67.com\/index.php\/wp-json\/wp\/v2\/posts\/25121","targetHints":{"allow":["GET"]}}],"collection":[{"href":"https:\/\/lrm67.com\/index.php\/wp-json\/wp\/v2\/posts"}],"about":[{"href":"https:\/\/lrm67.com\/index.php\/wp-json\/wp\/v2\/types\/post"}],"author":[{"embeddable":true,"href":"https:\/\/lrm67.com\/index.php\/wp-json\/wp\/v2\/users\/28"}],"replies":[{"embeddable":true,"href":"https:\/\/lrm67.com\/index.php\/wp-json\/wp\/v2\/comments?post=25121"}],"version-history":[{"count":1,"href":"https:\/\/lrm67.com\/index.php\/wp-json\/wp\/v2\/posts\/25121\/revisions"}],"predecessor-version":[{"id":25123,"href":"https:\/\/lrm67.com\/index.php\/wp-json\/wp\/v2\/posts\/25121\/revisions\/25123"}],"wp:featuredmedia":[{"embeddable":true,"href":"https:\/\/lrm67.com\/index.php\/wp-json\/wp\/v2\/media\/25122"}],"wp:attachment":[{"href":"https:\/\/lrm67.com\/index.php\/wp-json\/wp\/v2\/media?parent=25121"}],"wp:term":[{"taxonomy":"category","embeddable":true,"href":"https:\/\/lrm67.com\/index.php\/wp-json\/wp\/v2\/categories?post=25121"},{"taxonomy":"post_tag","embeddable":true,"href":"https:\/\/lrm67.com\/index.php\/wp-json\/wp\/v2\/tags?post=25121"}],"curies":[{"name":"wp","href":"https:\/\/api.w.org\/{rel}","templated":true}]}}