{"id":25118,"date":"2024-04-08T09:14:46","date_gmt":"2024-04-08T12:14:46","guid":{"rendered":"https:\/\/lrm67.com\/?p=25118"},"modified":"2024-04-08T09:14:46","modified_gmt":"2024-04-08T12:14:46","slug":"primeira-frente-fria-mais-intensa-do-ano-deve-se-aproximar-da-regiao-a-partir-desta-terca-feira-9","status":"publish","type":"post","link":"https:\/\/lrm67.com\/index.php\/2024\/04\/08\/primeira-frente-fria-mais-intensa-do-ano-deve-se-aproximar-da-regiao-a-partir-desta-terca-feira-9\/","title":{"rendered":"Primeira frente fria mais intensa do ano deve se aproximar da regi\u00e3o a partir desta ter\u00e7a-feira (9)"},"content":{"rendered":"<p>Marcello Ver\u00edssimo<\/p>\n<p>O friozinho chegou t\u00edmido neste domingo (7), mas deve se intensificar durante esta semana, mais especificamente a partir da pr\u00f3xima ter\u00e7a-feira (9) no estado de S\u00e3o Paulo.<\/p>\n<p>A previs\u00e3o \u00e9 dos meteorologistas que dizem que, ap\u00f3s um come\u00e7o de outono quente, a primeira queda nas temperaturas mais expressivas da esta\u00e7\u00e3o j\u00e1 tem data para acontecer.<\/p>\n<p>O ar frio deve come\u00e7ar a entrar pelo Sul do continente e a previs\u00e3o \u00e9 que chegue ao Rio Grande do Sul na quarta-feira (10). Por\u00e9m, segundo os meteorologistas, essa atua\u00e7\u00e3o deve ser mais restrita devido uma \u00e1rea de alta press\u00e3o, que faz com ele se desloque para o oceano.<\/p>\n<p>A Climatempo informou que entre a segunda-feira (15) e a ter\u00e7a-feira (16) o ar frio e seco de origem polar deve se espalhar para os demais estados do Centro-Sul do Brasil.<\/p>\n<p>No Litoral Norte, esta segunda-feira deve ser de sol com aumento de nuvens ainda pela manh\u00e3. Pode chover \u00e0 tarde e \u00e0 noite.<\/p>\n<p>A temperatura deve variar entre 23 e 28 graus nas cidades da regi\u00e3o.<\/p>\n","protected":false},"excerpt":{"rendered":"<p>Marcello Ver\u00edssimo O friozinho chegou t\u00edmido neste domingo (7), mas deve se intensificar durante esta semana, mais especificamente a partir da pr\u00f3xima ter\u00e7a-feira (9) no estado de S\u00e3o Paulo. A previs\u00e3o \u00e9 dos meteorologistas que dizem que, ap\u00f3s um come\u00e7o de outono quente, a primeira queda nas temperaturas mais expressivas da esta\u00e7\u00e3o j\u00e1 tem data [&hellip;]<\/p>\n","protected":false},"author":28,"featured_media":25119,"comment_status":"open","ping_status":"open","sticky":false,"template":"","format":"standard","meta":{"footnotes":""},"categories":[7,2,80,6],"tags":[],"class_list":["post-25118","post","type-post","status-publish","format-standard","has-post-thumbnail","hentry","category-destaque","category-geral","category-litoral-norte","category-tempo"],"aioseo_notices":[],"_links":{"self":[{"href":"https:\/\/lrm67.com\/index.php\/wp-json\/wp\/v2\/posts\/25118","targetHints":{"allow":["GET"]}}],"collection":[{"href":"https:\/\/lrm67.com\/index.php\/wp-json\/wp\/v2\/posts"}],"about":[{"href":"https:\/\/lrm67.com\/index.php\/wp-json\/wp\/v2\/types\/post"}],"author":[{"embeddable":true,"href":"https:\/\/lrm67.com\/index.php\/wp-json\/wp\/v2\/users\/28"}],"replies":[{"embeddable":true,"href":"https:\/\/lrm67.com\/index.php\/wp-json\/wp\/v2\/comments?post=25118"}],"version-history":[{"count":1,"href":"https:\/\/lrm67.com\/index.php\/wp-json\/wp\/v2\/posts\/25118\/revisions"}],"predecessor-version":[{"id":25120,"href":"https:\/\/lrm67.com\/index.php\/wp-json\/wp\/v2\/posts\/25118\/revisions\/25120"}],"wp:featuredmedia":[{"embeddable":true,"href":"https:\/\/lrm67.com\/index.php\/wp-json\/wp\/v2\/media\/25119"}],"wp:attachment":[{"href":"https:\/\/lrm67.com\/index.php\/wp-json\/wp\/v2\/media?parent=25118"}],"wp:term":[{"taxonomy":"category","embeddable":true,"href":"https:\/\/lrm67.com\/index.php\/wp-json\/wp\/v2\/categories?post=25118"},{"taxonomy":"post_tag","embeddable":true,"href":"https:\/\/lrm67.com\/index.php\/wp-json\/wp\/v2\/tags?post=25118"}],"curies":[{"name":"wp","href":"https:\/\/api.w.org\/{rel}","templated":true}]}}