{"id":25111,"date":"2024-04-08T09:11:18","date_gmt":"2024-04-08T12:11:18","guid":{"rendered":"https:\/\/lrm67.com\/?p=25111"},"modified":"2024-04-08T09:11:50","modified_gmt":"2024-04-08T12:11:50","slug":"eleicao-para-prefeito-deve-ser-disputada-voto-a-voto-em-outubro-no-ln","status":"publish","type":"post","link":"https:\/\/lrm67.com\/index.php\/2024\/04\/08\/eleicao-para-prefeito-deve-ser-disputada-voto-a-voto-em-outubro-no-ln\/","title":{"rendered":"Elei\u00e7\u00e3o para prefeito deve ser disputada voto a voto em outubro no LN"},"content":{"rendered":"<p>Marcello Ver\u00edssimo<\/p>\n<p>A popula\u00e7\u00e3o do Litoral Norte est\u00e1 prestes a participar de uma elei\u00e7\u00e3o municipal que pode resultar em uma renova\u00e7\u00e3o completa nos poderes Legislativo e Executivo a partir de 2025, ou n\u00e3o. \u00c9 que faltando aproximadamente seis meses para as elei\u00e7\u00f5es de outubro a regi\u00e3o tem pelo menos 30 nomes ventilados como pr\u00e9-candidatos a prefeito, sendo os considerados nanicos e os nomes tido como favoritos ao cargo majorit\u00e1rio.<\/p>\n<p>De acordo com o calend\u00e1rio da Justi\u00e7a Eleitoral, o per\u00edodo das chamadas filia\u00e7\u00f5es partid\u00e1rias terminou neste s\u00e1bado (6). O lan\u00e7amento oficial das candidaturas acontece no m\u00eas de agosto.<\/p>\n<p>At\u00e9 l\u00e1, os eleitores ainda ter\u00e3o tempo para avaliar os perfis e escolher o melhor nome em quem votar.<\/p>\n<p>Depois de 8 anos sob administra\u00e7\u00e3o do prefeito Aguilar J\u00fanior, em dois mandatos cercados de pol\u00eamica, seis nomes j\u00e1 despontam na disputa. S\u00e3o eles: Baduca Filho (MDB), que tem o apoio do atual prefeito, Dr. Jos\u00e9 Ernesto (Republicanos), atual vice-prefeito da cidade, mas que n\u00e3o recebeu o apoio oficial do prefeito J\u00fanior; Neto Bota (partido a definir), Coronel Stanelis (PP), mas que segundo fontes dos bastidores pol\u00edticos, n\u00e3o possui chances de vit\u00f3ria, ainda integra o \u201ctime dos nanicos\u201d o radialista F\u00e1bio Ferreira (PDT).<\/p>\n<p>De acordo com especula\u00e7\u00f5es no cen\u00e1rio pol\u00edtico de Caragu\u00e1, essas elei\u00e7\u00f5es devem entregar os rumos da cidade novamente \u00e0 fam\u00edlia do ex-prefeito Ant\u00f4nio Carlos da Silva, que, por enquanto, ainda n\u00e3o confirma sua candidatura, que pode vir a dar lugar para o seu filho Mateus Veneziani, ambos do PSD.<\/p>\n<h2>Apertada<\/h2>\n<p>Em S\u00e3o Sebasti\u00e3o, as elei\u00e7\u00f5es municipais tamb\u00e9m ser\u00e3o disputadas, muito provavelmente, palmo a palmo, voto a voto.<\/p>\n<p>As op\u00e7\u00f5es ao eleitor incluem nomes antigos e bem conhecidos do eleitor da cidade. A novidade deste ano fica por conta do nome do advogado Dr. Nill (Solidariedade), al\u00e9m dele Diogo Nascimento (Novo) e Fernando Puga (PT) vem abrindo alas para nomes experientes, que podem colocar fim \u00e0 hegemonia do PSDB e da era Felipe Augusto na cidade.<\/p>\n<p>S\u00e3o eles: o ex-prefeito Juan Garcia (PSD) e o professor Gleivison (PP), que j\u00e1 foi aliado de Juan no passado.<\/p>\n<p>Especula\u00e7\u00f5es no cen\u00e1rio pol\u00edtico d\u00e3o conta que a ex-primeira dama de S\u00e3o Sebasti\u00e3o, Michele Veneziani pode ser candidata a vice-prefeita de Garcia em outubro.<\/p>\n<p>A elei\u00e7\u00e3o deve mesmo ser decidida entre Juan e Glevison, que v\u00e3o disputar a cadeira m\u00e1xima da prefeitura com o vice-prefeito Reinaldinho (Republicanos), que ter\u00e1 como candidato a vice o atual vereador Jos\u00e9 Reis.<\/p>\n<h2>Favorito<\/h2>\n<p>O atual prefeito de Ilhabela, Toninho Colucci (PL) desponta como favorito \u00e0 reelei\u00e7\u00e3o em outubro.<\/p>\n<p>Al\u00e9m dele, os outros nomes dos pr\u00e9-candidatos a prefeito confirmados at\u00e9 agora s\u00e3o: Diana Matarazzo (Podemos); Manoel Marcos (PSD); Ir\u00ea Juliani (MDB); Juliana Ten\u00f3rio (Uni\u00e3o Brasil); Raul Cordeiro (PSD) e Anselmo Tambellini (PT).<\/p>\n<h2>Recordista<\/h2>\n<p>Ubatuba \u00e9 a cidade recordista com a maior quantidade de nomes de pr\u00e9-candidatos.<\/p>\n<p>At\u00e9 agora 12 nomes s\u00e3o cotados. Confira:<br \/>\nM\u00e1rcio Maciel (MDB); Paulo Ramos (partido a definir); Arnaldo Alves (PSB); Fl\u00e1via Pascoal (PL), Gerson Florindo (PT); Alex da Sa\u00fade (PSL); Sato (PSD); Vin\u00edcius Vasconcellos (partido a definir); Padre Marcelo (Novo); Ednelson Prado (Agir); Major Franco (PSDB) e Gilson Rocha (Solidariedade).<\/p>\n","protected":false},"excerpt":{"rendered":"<p>Marcello Ver\u00edssimo A popula\u00e7\u00e3o do Litoral Norte est\u00e1 prestes a participar de uma elei\u00e7\u00e3o municipal que pode resultar em uma renova\u00e7\u00e3o completa nos poderes Legislativo e Executivo a partir de 2025, ou n\u00e3o. \u00c9 que faltando aproximadamente seis meses para as elei\u00e7\u00f5es de outubro a regi\u00e3o tem pelo menos 30 nomes ventilados como pr\u00e9-candidatos a [&hellip;]<\/p>\n","protected":false},"author":28,"featured_media":25112,"comment_status":"open","ping_status":"open","sticky":false,"template":"","format":"standard","meta":{"footnotes":""},"categories":[7,80,16],"tags":[],"class_list":["post-25111","post","type-post","status-publish","format-standard","has-post-thumbnail","hentry","category-destaque","category-litoral-norte","category-politica"],"aioseo_notices":[],"_links":{"self":[{"href":"https:\/\/lrm67.com\/index.php\/wp-json\/wp\/v2\/posts\/25111","targetHints":{"allow":["GET"]}}],"collection":[{"href":"https:\/\/lrm67.com\/index.php\/wp-json\/wp\/v2\/posts"}],"about":[{"href":"https:\/\/lrm67.com\/index.php\/wp-json\/wp\/v2\/types\/post"}],"author":[{"embeddable":true,"href":"https:\/\/lrm67.com\/index.php\/wp-json\/wp\/v2\/users\/28"}],"replies":[{"embeddable":true,"href":"https:\/\/lrm67.com\/index.php\/wp-json\/wp\/v2\/comments?post=25111"}],"version-history":[{"count":2,"href":"https:\/\/lrm67.com\/index.php\/wp-json\/wp\/v2\/posts\/25111\/revisions"}],"predecessor-version":[{"id":25114,"href":"https:\/\/lrm67.com\/index.php\/wp-json\/wp\/v2\/posts\/25111\/revisions\/25114"}],"wp:featuredmedia":[{"embeddable":true,"href":"https:\/\/lrm67.com\/index.php\/wp-json\/wp\/v2\/media\/25112"}],"wp:attachment":[{"href":"https:\/\/lrm67.com\/index.php\/wp-json\/wp\/v2\/media?parent=25111"}],"wp:term":[{"taxonomy":"category","embeddable":true,"href":"https:\/\/lrm67.com\/index.php\/wp-json\/wp\/v2\/categories?post=25111"},{"taxonomy":"post_tag","embeddable":true,"href":"https:\/\/lrm67.com\/index.php\/wp-json\/wp\/v2\/tags?post=25111"}],"curies":[{"name":"wp","href":"https:\/\/api.w.org\/{rel}","templated":true}]}}