{"id":25108,"date":"2024-04-08T09:08:20","date_gmt":"2024-04-08T12:08:20","guid":{"rendered":"https:\/\/lrm67.com\/?p=25108"},"modified":"2024-04-08T09:08:20","modified_gmt":"2024-04-08T12:08:20","slug":"arrastado-pelas-ondas-homem-bate-cabeca-em-pedra-e-morre-na-ilha-do-mar-virado","status":"publish","type":"post","link":"https:\/\/lrm67.com\/index.php\/2024\/04\/08\/arrastado-pelas-ondas-homem-bate-cabeca-em-pedra-e-morre-na-ilha-do-mar-virado\/","title":{"rendered":"Arrastado pelas ondas, homem bate cabe\u00e7a em pedra e morre na Ilha do Mar Virado"},"content":{"rendered":"<p>Marcello Ver\u00edssimo<\/p>\n<p>O GBMar (Grupamento de Bombeiros Mar\u00edtimos), em Ubatuba, resgatou o corpo de um homem que foi arrastado pelas ondas enquanto pescava em uma costeira na Ilha do Mar Virado. Os bombeiros mar\u00edtimos foram acionados por um amigo da v\u00edtima, que era da cidade de Atibaia, no interior de S\u00e3o Paulo.<\/p>\n<p>O acidente aconteceu no \u00faltimo s\u00e1bado (6).<br \/>\nDe acordo com o GBMar, ao ser arrastado, o pescador, 55, bateu a cabe\u00e7a nas pedras e submergiu no mar.<\/p>\n<p>O corpo foi encontrado na manh\u00e3 de ontem (7), por volta das 10h30, a 500 metros do local da queda. Familiares reconheceram o corpo no IML (Instituto M\u00e9dico Legal) de Caraguatatuba.<\/p>\n","protected":false},"excerpt":{"rendered":"<p>Marcello Ver\u00edssimo O GBMar (Grupamento de Bombeiros Mar\u00edtimos), em Ubatuba, resgatou o corpo de um homem que foi arrastado pelas ondas enquanto pescava em uma costeira na Ilha do Mar Virado. Os bombeiros mar\u00edtimos foram acionados por um amigo da v\u00edtima, que era da cidade de Atibaia, no interior de S\u00e3o Paulo. O acidente aconteceu [&hellip;]<\/p>\n","protected":false},"author":28,"featured_media":25109,"comment_status":"open","ping_status":"open","sticky":false,"template":"","format":"standard","meta":{"footnotes":""},"categories":[7,80,15],"tags":[],"class_list":["post-25108","post","type-post","status-publish","format-standard","has-post-thumbnail","hentry","category-destaque","category-litoral-norte","category-policia"],"aioseo_notices":[],"_links":{"self":[{"href":"https:\/\/lrm67.com\/index.php\/wp-json\/wp\/v2\/posts\/25108","targetHints":{"allow":["GET"]}}],"collection":[{"href":"https:\/\/lrm67.com\/index.php\/wp-json\/wp\/v2\/posts"}],"about":[{"href":"https:\/\/lrm67.com\/index.php\/wp-json\/wp\/v2\/types\/post"}],"author":[{"embeddable":true,"href":"https:\/\/lrm67.com\/index.php\/wp-json\/wp\/v2\/users\/28"}],"replies":[{"embeddable":true,"href":"https:\/\/lrm67.com\/index.php\/wp-json\/wp\/v2\/comments?post=25108"}],"version-history":[{"count":1,"href":"https:\/\/lrm67.com\/index.php\/wp-json\/wp\/v2\/posts\/25108\/revisions"}],"predecessor-version":[{"id":25110,"href":"https:\/\/lrm67.com\/index.php\/wp-json\/wp\/v2\/posts\/25108\/revisions\/25110"}],"wp:featuredmedia":[{"embeddable":true,"href":"https:\/\/lrm67.com\/index.php\/wp-json\/wp\/v2\/media\/25109"}],"wp:attachment":[{"href":"https:\/\/lrm67.com\/index.php\/wp-json\/wp\/v2\/media?parent=25108"}],"wp:term":[{"taxonomy":"category","embeddable":true,"href":"https:\/\/lrm67.com\/index.php\/wp-json\/wp\/v2\/categories?post=25108"},{"taxonomy":"post_tag","embeddable":true,"href":"https:\/\/lrm67.com\/index.php\/wp-json\/wp\/v2\/tags?post=25108"}],"curies":[{"name":"wp","href":"https:\/\/api.w.org\/{rel}","templated":true}]}}