{"id":25086,"date":"2024-04-05T10:05:12","date_gmt":"2024-04-05T13:05:12","guid":{"rendered":"https:\/\/lrm67.com\/?p=25086"},"modified":"2024-04-05T10:05:12","modified_gmt":"2024-04-05T13:05:12","slug":"pela-primeira-vez-no-ano-ln-soma-mais-de-20-praias-improprias-no-fim-de-semana","status":"publish","type":"post","link":"https:\/\/lrm67.com\/index.php\/2024\/04\/05\/pela-primeira-vez-no-ano-ln-soma-mais-de-20-praias-improprias-no-fim-de-semana\/","title":{"rendered":"Pela primeira vez no ano, LN soma mais de 20 praias impr\u00f3prias no fim de semana"},"content":{"rendered":"<p>Marcello Ver\u00edssimo<\/p>\n<p>A regi\u00e3o est\u00e1 com 21 praias impr\u00f3prias para o banho de mar neste fim de semana. De acordo com o boletim de balneabilidade das praias, divulgado nesta quinta-feira (4) pela Cetesb (Ag\u00eancia Ambiental do Estado de S\u00e3o Paulo). os quatro munic\u00edpios da regi\u00e3o est\u00e3o com praias que receberam bandeira vermelha.<\/p>\n<p>Em Caraguatatuba, est\u00e3o impr\u00f3prias a Prainha, Centro, Indai\u00e1 e Palmeiras. J\u00e1 em Ubatuba est\u00e3o vetadas para o banho de mar as praias Perequ\u00ea-A\u00e7u, Iperoig, Itagu\u00e1 e o Rio Itamambuca.<\/p>\n<p>Em S\u00e3o Sebasti\u00e3o receberam bandeira vermelha da Cetesb a Prainha, Cigarras, S\u00e3o Francisco, Pontal da Cruz, Porto Grande e Preta do Norte.<\/p>\n<p>De acordo com a Cetesb, em Ilhabela, sete praias est\u00e3o consideradas impr\u00f3prias nesta semana: Arama\u00e7\u00e3o, Pinto, Barreiros Sul, Itaquanduba, Portinho, Juli\u00e3o e Ilha da Cabras.<\/p>\n<p>A Cetesb orienta os banhistas a evitarem tomar banho em praias que recebem a bandeira vermelha para evitar riscos \u00e0 sa\u00fade devido \u00e0 exposi\u00e7\u00e3o a bact\u00e9rias, v\u00edrus e protozo\u00e1rios.<\/p>\n<p>Acesse o boletim completo: https:\/\/cetesb.sp.gov.br\/praias\/boletim-semanal\/<\/p>\n","protected":false},"excerpt":{"rendered":"<p>Marcello Ver\u00edssimo A regi\u00e3o est\u00e1 com 21 praias impr\u00f3prias para o banho de mar neste fim de semana. De acordo com o boletim de balneabilidade das praias, divulgado nesta quinta-feira (4) pela Cetesb (Ag\u00eancia Ambiental do Estado de S\u00e3o Paulo). os quatro munic\u00edpios da regi\u00e3o est\u00e3o com praias que receberam bandeira vermelha. Em Caraguatatuba, est\u00e3o [&hellip;]<\/p>\n","protected":false},"author":28,"featured_media":25087,"comment_status":"open","ping_status":"open","sticky":false,"template":"","format":"standard","meta":{"footnotes":""},"categories":[7,2,80,18],"tags":[],"class_list":["post-25086","post","type-post","status-publish","format-standard","has-post-thumbnail","hentry","category-destaque","category-geral","category-litoral-norte","category-meio-ambiente"],"aioseo_notices":[],"_links":{"self":[{"href":"https:\/\/lrm67.com\/index.php\/wp-json\/wp\/v2\/posts\/25086","targetHints":{"allow":["GET"]}}],"collection":[{"href":"https:\/\/lrm67.com\/index.php\/wp-json\/wp\/v2\/posts"}],"about":[{"href":"https:\/\/lrm67.com\/index.php\/wp-json\/wp\/v2\/types\/post"}],"author":[{"embeddable":true,"href":"https:\/\/lrm67.com\/index.php\/wp-json\/wp\/v2\/users\/28"}],"replies":[{"embeddable":true,"href":"https:\/\/lrm67.com\/index.php\/wp-json\/wp\/v2\/comments?post=25086"}],"version-history":[{"count":1,"href":"https:\/\/lrm67.com\/index.php\/wp-json\/wp\/v2\/posts\/25086\/revisions"}],"predecessor-version":[{"id":25088,"href":"https:\/\/lrm67.com\/index.php\/wp-json\/wp\/v2\/posts\/25086\/revisions\/25088"}],"wp:featuredmedia":[{"embeddable":true,"href":"https:\/\/lrm67.com\/index.php\/wp-json\/wp\/v2\/media\/25087"}],"wp:attachment":[{"href":"https:\/\/lrm67.com\/index.php\/wp-json\/wp\/v2\/media?parent=25086"}],"wp:term":[{"taxonomy":"category","embeddable":true,"href":"https:\/\/lrm67.com\/index.php\/wp-json\/wp\/v2\/categories?post=25086"},{"taxonomy":"post_tag","embeddable":true,"href":"https:\/\/lrm67.com\/index.php\/wp-json\/wp\/v2\/tags?post=25086"}],"curies":[{"name":"wp","href":"https:\/\/api.w.org\/{rel}","templated":true}]}}