{"id":25070,"date":"2024-04-05T09:53:17","date_gmt":"2024-04-05T12:53:17","guid":{"rendered":"https:\/\/lrm67.com\/?p=25070"},"modified":"2024-04-05T09:53:17","modified_gmt":"2024-04-05T12:53:17","slug":"motorista-perde-o-controle-bate-em-carro-estacionado-e-fica-ferido-em-umas-das-ruas-mais-movimentadas-no-centro-de-caragua","status":"publish","type":"post","link":"https:\/\/lrm67.com\/index.php\/2024\/04\/05\/motorista-perde-o-controle-bate-em-carro-estacionado-e-fica-ferido-em-umas-das-ruas-mais-movimentadas-no-centro-de-caragua\/","title":{"rendered":"Motorista perde o controle, bate em carro estacionado e fica ferido em umas das ruas mais movimentadas no centro de Caragu\u00e1"},"content":{"rendered":"<p>Marcello Ver\u00edssimo<\/p>\n<p>Um acidente de tr\u00e2nsito assustou quem passava pela avenida Frei Pac\u00edfico Wagner, na regi\u00e3o central de Caraguatatuba, na noite desta quinta-feira (4). O motorista de um dos carros, um HB20 prata, ficou ferido ap\u00f3s o ve\u00edculo capotar no meio da pista.<\/p>\n<p>Rapidamente, as imagens foram parar nas redes sociais e em grupos do WhatsApp em que foi poss\u00edvel ver a for\u00e7a da batida.<\/p>\n<p>De acordo com a pol\u00edcia, que vai investigar as causas do acidente, o motorista do HB20 perdeu o controle da dire\u00e7\u00e3o e colidiu com um outro carro que estava estacionado.<\/p>\n<p>Com o impacto, o HB20 ficou destru\u00eddo e o motorista, que n\u00e3o teve sua identidade, preso dentro do carro.<\/p>\n<p>O motorista foi retirado por populares que estavam na rua no momento do acidente. O Samu (Servi\u00e7o de Atendimento M\u00f3vel de Urg\u00eancia) foi acionado e levou a v\u00edtima para o hospital.<\/p>\n<p>N\u00e3o foram divulgadas informa\u00e7\u00f5es sobre a gravidade dos ferimentos sofridos pelo motorista.<\/p>\n<div style=\"width: 478px;\" class=\"wp-video\"><!--[if lt IE 9]><script>document.createElement('video');<\/script><![endif]-->\n<video class=\"wp-video-shortcode\" id=\"video-25070-1\" width=\"478\" height=\"850\" preload=\"metadata\" controls=\"controls\"><source type=\"video\/mp4\" src=\"https:\/\/lrm67.com\/wp-content\/uploads\/2024\/04\/WhatsApp-Video-2024-04-05-at-08.07.59.mp4?_=1\" \/><a href=\"https:\/\/lrm67.com\/wp-content\/uploads\/2024\/04\/WhatsApp-Video-2024-04-05-at-08.07.59.mp4\">https:\/\/lrm67.com\/wp-content\/uploads\/2024\/04\/WhatsApp-Video-2024-04-05-at-08.07.59.mp4<\/a><\/video><\/div>\n","protected":false},"excerpt":{"rendered":"<p>Marcello Ver\u00edssimo Um acidente de tr\u00e2nsito assustou quem passava pela avenida Frei Pac\u00edfico Wagner, na regi\u00e3o central de Caraguatatuba, na noite desta quinta-feira (4). O motorista de um dos carros, um HB20 prata, ficou ferido ap\u00f3s o ve\u00edculo capotar no meio da pista. Rapidamente, as imagens foram parar nas redes sociais e em grupos do [&hellip;]<\/p>\n","protected":false},"author":28,"featured_media":25072,"comment_status":"open","ping_status":"open","sticky":false,"template":"","format":"standard","meta":{"footnotes":""},"categories":[8,7,15],"tags":[],"class_list":["post-25070","post","type-post","status-publish","format-standard","has-post-thumbnail","hentry","category-caraguatatuba","category-destaque","category-policia"],"aioseo_notices":[],"_links":{"self":[{"href":"https:\/\/lrm67.com\/index.php\/wp-json\/wp\/v2\/posts\/25070","targetHints":{"allow":["GET"]}}],"collection":[{"href":"https:\/\/lrm67.com\/index.php\/wp-json\/wp\/v2\/posts"}],"about":[{"href":"https:\/\/lrm67.com\/index.php\/wp-json\/wp\/v2\/types\/post"}],"author":[{"embeddable":true,"href":"https:\/\/lrm67.com\/index.php\/wp-json\/wp\/v2\/users\/28"}],"replies":[{"embeddable":true,"href":"https:\/\/lrm67.com\/index.php\/wp-json\/wp\/v2\/comments?post=25070"}],"version-history":[{"count":1,"href":"https:\/\/lrm67.com\/index.php\/wp-json\/wp\/v2\/posts\/25070\/revisions"}],"predecessor-version":[{"id":25073,"href":"https:\/\/lrm67.com\/index.php\/wp-json\/wp\/v2\/posts\/25070\/revisions\/25073"}],"wp:featuredmedia":[{"embeddable":true,"href":"https:\/\/lrm67.com\/index.php\/wp-json\/wp\/v2\/media\/25072"}],"wp:attachment":[{"href":"https:\/\/lrm67.com\/index.php\/wp-json\/wp\/v2\/media?parent=25070"}],"wp:term":[{"taxonomy":"category","embeddable":true,"href":"https:\/\/lrm67.com\/index.php\/wp-json\/wp\/v2\/categories?post=25070"},{"taxonomy":"post_tag","embeddable":true,"href":"https:\/\/lrm67.com\/index.php\/wp-json\/wp\/v2\/tags?post=25070"}],"curies":[{"name":"wp","href":"https:\/\/api.w.org\/{rel}","templated":true}]}}