{"id":25032,"date":"2024-04-03T18:21:51","date_gmt":"2024-04-03T21:21:51","guid":{"rendered":"https:\/\/lrm67.com\/?p=25032"},"modified":"2024-04-03T18:22:34","modified_gmt":"2024-04-03T21:22:34","slug":"toninho-colucci-inaugura-o-primeiro-centro-municipal-especializado-no-transtorno-do-espectro-autista-do-litoral-norte","status":"publish","type":"post","link":"https:\/\/lrm67.com\/index.php\/2024\/04\/03\/toninho-colucci-inaugura-o-primeiro-centro-municipal-especializado-no-transtorno-do-espectro-autista-do-litoral-norte\/","title":{"rendered":"Toninho Colucci inaugura o primeiro Centro Municipal Especializado no Transtorno do Espectro Autista do Litoral Norte"},"content":{"rendered":"<p style=\"font-weight: 400;\">O Prefeito de Ilhabela, Toninho Colucci, inaugurou nesta ter\u00e7a-feira (2), o Centro Municipal Especializado em Reabilita\u00e7\u00e3o e Transtorno do Espectro Autista de Ilhabela, o primeiro do Litoral Norte e que tem como objetivo proporcionar um atendimento mais humanizado e que contemple as m\u00faltiplas necessidades das crian\u00e7as e adolescentes do espectro autista.<\/p>\n<p style=\"font-weight: 400;\">\u201cMais uma vez nossa cidade \u00e9 modelo para os outros munic\u00edpios. Importante conquista que trar\u00e1 mais benef\u00edcios \u00e0 popula\u00e7\u00e3o. Embora o atendimento a esse p\u00fablico j\u00e1 fosse oferecido, agora, com a entrega de um centro especializado, vamos reunir em um s\u00f3 local todos os tratamentos m\u00e9dicos e terap\u00eauticos dos profissionais habilitados, garantindo um atendimento abrangente e completo, de modo a proporcionar melhor qualidade de vida e socializa\u00e7\u00e3o \u00e0s crian\u00e7as e adolescentes\u201d, destacou o Prefeito Toninho Colucci.<\/p>\n<p style=\"font-weight: 400;\">Para o Prefeito, concentrar todas as terapias no mesmo local garante uma continuidade dos servi\u00e7os ao facilitar a vida dos respons\u00e1veis legais e a troca de conhecimento entre os profissionais.<\/p>\n<p style=\"font-weight: 400;\">\u201c\u00c9 importante que exista esse centro e que o atendimento possa ser realizado na sua totalidade, inclusive facilitando o acesso \u00e0s fam\u00edlias, pois todas as consultas podem ser realizadas no mesmo dia, em hor\u00e1rios seguidos, facilitando os diferentes tratamentos que se complementam. O psic\u00f3logo, por exemplo, pode identificar a necessidade de um acompanhamento fonoaudiol\u00f3gico e vice-versa\u201d.<\/p>\n<p><img fetchpriority=\"high\" decoding=\"async\" class=\"alignnone size-full wp-image-25033\" src=\"https:\/\/lrm67.com\/wp-content\/uploads\/2024\/04\/CENTRO2.jpg\" alt=\"\" width=\"1200\" height=\"799\" srcset=\"https:\/\/lrm67.com\/wp-content\/uploads\/2024\/04\/CENTRO2.jpg 1200w, https:\/\/lrm67.com\/wp-content\/uploads\/2024\/04\/CENTRO2-300x200.jpg 300w, https:\/\/lrm67.com\/wp-content\/uploads\/2024\/04\/CENTRO2-1024x682.jpg 1024w, https:\/\/lrm67.com\/wp-content\/uploads\/2024\/04\/CENTRO2-768x511.jpg 768w\" sizes=\"(max-width: 1200px) 100vw, 1200px\" \/><\/p>\n<p style=\"font-weight: 400;\">A equipe do centro ser\u00e1 composta por mais de 20 profissionais que trabalhar\u00e3o de forma complementar. S\u00e3o v\u00e1rios tratamentos e forma\u00e7\u00f5es, tais como: terapeuta ocupacional, psic\u00f3logo, psicopedagogo, psiquiatra, nutricionista, fonoaudi\u00f3logo, pediatra com especializa\u00e7\u00e3o em psiquiatria neurol\u00f3gica, assistente social, cirurgi\u00e3o pediatra, enfermeiro e t\u00e9cnico em enfermagem. O centro dever\u00e1 atender em torno de 500 crian\u00e7as por m\u00eas, totalizando mais de 2 mil atendimentos, conforme a necessidade de mais de um profissional ou tipos de terapias.<\/p>\n<p style=\"font-weight: 400;\">O local conta com sala de audiometria, na qual o atendido tem um exame completo do aparelho auditivo, com laudo emitido na hora, e a sala sensorial, um espa\u00e7o que disponibiliza exerc\u00edcios de equil\u00edbrio e estimula\u00e7\u00e3o motora, que possui equipamentos que auxiliam os atendidos com dificuldade em ficarem de p\u00e9 a erguerem-se. Al\u00e9m disso, possui servi\u00e7o de acupuntura e um grupo de pais, no qual os respons\u00e1veis legais podem trocar experi\u00eancias e tirar d\u00favidas sobre o espectro autista.<\/p>\n<h2 style=\"font-weight: 400;\"><strong>Encaminhamento m\u00e9dico<\/strong><\/h2>\n<p style=\"font-weight: 400;\">Os atendidos pelo centro ser\u00e3o encaminhados pelas Unidades B\u00e1sicas de Sa\u00fade (UBSs) que identificam algum dist\u00farbio, como a dificuldade na fala ou na audi\u00e7\u00e3o. A crian\u00e7a ou adolescente ent\u00e3o \u00e9 encaminhado pelo m\u00e9dico para atendimento e avalia\u00e7\u00e3o, sendo definido posteriormente um projeto terap\u00eautico individualizado.<\/p>\n<h2 style=\"font-weight: 400;\"><strong>Servi\u00e7o<\/strong><\/h2>\n<p style=\"font-weight: 400;\">O Centro Especializado no Transtorno do Espectro Autista est\u00e1 localizado na rua Carolina Vanderstappen, 275, Perequ\u00ea.<\/p>\n","protected":false},"excerpt":{"rendered":"<p>O Prefeito de Ilhabela, Toninho Colucci, inaugurou nesta ter\u00e7a-feira (2), o Centro Municipal Especializado em Reabilita\u00e7\u00e3o e Transtorno do Espectro Autista de Ilhabela, o primeiro do Litoral Norte e que tem como objetivo proporcionar um atendimento mais humanizado e que contemple as m\u00faltiplas necessidades das crian\u00e7as e adolescentes do espectro autista. \u201cMais uma vez nossa [&hellip;]<\/p>\n","protected":false},"author":26,"featured_media":25035,"comment_status":"open","ping_status":"open","sticky":false,"template":"","format":"standard","meta":{"footnotes":""},"categories":[7,3,16],"tags":[],"class_list":["post-25032","post","type-post","status-publish","format-standard","has-post-thumbnail","hentry","category-destaque","category-ilhabela","category-politica"],"aioseo_notices":[],"_links":{"self":[{"href":"https:\/\/lrm67.com\/index.php\/wp-json\/wp\/v2\/posts\/25032","targetHints":{"allow":["GET"]}}],"collection":[{"href":"https:\/\/lrm67.com\/index.php\/wp-json\/wp\/v2\/posts"}],"about":[{"href":"https:\/\/lrm67.com\/index.php\/wp-json\/wp\/v2\/types\/post"}],"author":[{"embeddable":true,"href":"https:\/\/lrm67.com\/index.php\/wp-json\/wp\/v2\/users\/26"}],"replies":[{"embeddable":true,"href":"https:\/\/lrm67.com\/index.php\/wp-json\/wp\/v2\/comments?post=25032"}],"version-history":[{"count":1,"href":"https:\/\/lrm67.com\/index.php\/wp-json\/wp\/v2\/posts\/25032\/revisions"}],"predecessor-version":[{"id":25034,"href":"https:\/\/lrm67.com\/index.php\/wp-json\/wp\/v2\/posts\/25032\/revisions\/25034"}],"wp:featuredmedia":[{"embeddable":true,"href":"https:\/\/lrm67.com\/index.php\/wp-json\/wp\/v2\/media\/25035"}],"wp:attachment":[{"href":"https:\/\/lrm67.com\/index.php\/wp-json\/wp\/v2\/media?parent=25032"}],"wp:term":[{"taxonomy":"category","embeddable":true,"href":"https:\/\/lrm67.com\/index.php\/wp-json\/wp\/v2\/categories?post=25032"},{"taxonomy":"post_tag","embeddable":true,"href":"https:\/\/lrm67.com\/index.php\/wp-json\/wp\/v2\/tags?post=25032"}],"curies":[{"name":"wp","href":"https:\/\/api.w.org\/{rel}","templated":true}]}}