{"id":25029,"date":"2024-04-03T11:12:52","date_gmt":"2024-04-03T14:12:52","guid":{"rendered":"https:\/\/lrm67.com\/?p=25029"},"modified":"2024-04-03T18:16:45","modified_gmt":"2024-04-03T21:16:45","slug":"delegadas-municipais-da-pessoa-com-deficiencia-pcd-de-ilhabela-vao-representar-sp-em-brasilia","status":"publish","type":"post","link":"https:\/\/lrm67.com\/index.php\/2024\/04\/03\/delegadas-municipais-da-pessoa-com-deficiencia-pcd-de-ilhabela-vao-representar-sp-em-brasilia\/","title":{"rendered":"Delegadas municipais da Pessoa Com Defici\u00eancia (PCD) de Ilhabela v\u00e3o representar SP em Bras\u00edlia"},"content":{"rendered":"<p>Duas delegadas municipais da Pessoa com Defici\u00eancia (PCD) de Ilhabela ir\u00e3o representar o estado de S\u00e3o Paulo durante a Confer\u00eancia Nacional dos Direitos das Pessoas com Defici\u00eancia em Bras\u00edlia, que ir\u00e1 ocorrer de 14 a 17 de julho.<\/p>\n<p>As delegadas foram eleitas em novembro de 2023 durante a I Confer\u00eancia Municipal dos Direitos da Pessoa com Defici\u00eancia do munic\u00edpio. Na ocasi\u00e3o, foram deliberadas as prioridades a serem implantadas na gest\u00e3o p\u00fablica, com uma constru\u00e7\u00e3o coletiva de propostas abrangendo cinco eixos tem\u00e1ticos baseados em um tema central: &#8220;Cen\u00e1rio atual e futuro na implementa\u00e7\u00e3o dos direitos da pessoa com defici\u00eancia: construindo um Brasil mais inclusivo\u201d.<\/p>\n<p>As propostas de Ilhabela foram enviadas \u00e0 Confer\u00eancia Estadual dos Direitos da PCD do Estado de S\u00e3o Paulo, que ocorreu em mar\u00e7o, e reuniu delegados dos conselhos municipais para discutir e votar propostas relacionadas \u00e0 formula\u00e7\u00e3o de pol\u00edticas p\u00fablicas de inclus\u00e3o.<br \/>\nNo evento, mais de mil propostas estiveram na agenda para serem votadas e foram selecionadas 50 propostas, sendo 25 para considera\u00e7\u00e3o pelo Estado de S\u00e3o Paulo e outras 25 que ser\u00e3o apresentadas na Confer\u00eancia Nacional dos Direitos da Pessoa com Defici\u00eancia.<\/p>\n<p>Al\u00e9m da defini\u00e7\u00e3o das propostas, a Confer\u00eancia Estadual tamb\u00e9m estabeleceu os delegados que representar\u00e3o o Estado de S\u00e3o Paulo na Confer\u00eancia Nacional. Entre os representantes da macrorregi\u00e3o 2, que engloba o Vale do Para\u00edba, Vale do Ribeira, Serra da Mantiqueira, Litoral Norte, Litoral Sul e Baixada Santista, Ilhabela vai participar com as delegadas Thalita Carvalho e Patr\u00edcia Almeida.<\/p>\n<p><strong>Conhe\u00e7a as delegadas municipais de Ilhabela:<\/strong><\/p>\n<p><strong>Delegadas Titulares<\/strong><\/p>\n<p>Thalita da Silva de Carvalho\u2013 Representante do poder p\u00fablico (m\u00e3e de autista), Int\u00e9rprete de Libras da Secretaria de Sa\u00fade e munic\u00edpio de Ilhabela. Membra da comunidade surda, pedagoga, professora de Educa\u00e7\u00e3o Especial e Inclusiva, ativista na causa PCD do munic\u00edpio e posteriormente, primeira Presidente do Conselho dos Direitos da pessoa com Defici\u00eancia de Ilhabela.<\/p>\n<p>Patr\u00edcia Alves Almeida \u2013 Representante da sociedade civil, pessoa com defici\u00eancia auditiva.<\/p>\n<p><strong>Delegadas Suplentes<\/strong><\/p>\n<p>Dayse Maira \u2013 Pessoa surda, representa a sociedade civil e trabalha na secretaria de Sa\u00fade de Ilhabela.<br \/>\nAlessandra Martos Fortes \u2013 representante do poder p\u00fablico, coordenadora t\u00e9cnica da Apae de Ilhabela.<\/p>\n","protected":false},"excerpt":{"rendered":"<p>Duas delegadas municipais da Pessoa com Defici\u00eancia (PCD) de Ilhabela ir\u00e3o representar o estado de S\u00e3o Paulo durante a Confer\u00eancia Nacional dos Direitos das Pessoas com Defici\u00eancia em Bras\u00edlia, que ir\u00e1 ocorrer de 14 a 17 de julho. As delegadas foram eleitas em novembro de 2023 durante a I Confer\u00eancia Municipal dos Direitos da Pessoa [&hellip;]<\/p>\n","protected":false},"author":26,"featured_media":25030,"comment_status":"open","ping_status":"open","sticky":false,"template":"","format":"standard","meta":{"footnotes":""},"categories":[2,3],"tags":[],"class_list":["post-25029","post","type-post","status-publish","format-standard","has-post-thumbnail","hentry","category-geral","category-ilhabela"],"aioseo_notices":[],"_links":{"self":[{"href":"https:\/\/lrm67.com\/index.php\/wp-json\/wp\/v2\/posts\/25029","targetHints":{"allow":["GET"]}}],"collection":[{"href":"https:\/\/lrm67.com\/index.php\/wp-json\/wp\/v2\/posts"}],"about":[{"href":"https:\/\/lrm67.com\/index.php\/wp-json\/wp\/v2\/types\/post"}],"author":[{"embeddable":true,"href":"https:\/\/lrm67.com\/index.php\/wp-json\/wp\/v2\/users\/26"}],"replies":[{"embeddable":true,"href":"https:\/\/lrm67.com\/index.php\/wp-json\/wp\/v2\/comments?post=25029"}],"version-history":[{"count":1,"href":"https:\/\/lrm67.com\/index.php\/wp-json\/wp\/v2\/posts\/25029\/revisions"}],"predecessor-version":[{"id":25031,"href":"https:\/\/lrm67.com\/index.php\/wp-json\/wp\/v2\/posts\/25029\/revisions\/25031"}],"wp:featuredmedia":[{"embeddable":true,"href":"https:\/\/lrm67.com\/index.php\/wp-json\/wp\/v2\/media\/25030"}],"wp:attachment":[{"href":"https:\/\/lrm67.com\/index.php\/wp-json\/wp\/v2\/media?parent=25029"}],"wp:term":[{"taxonomy":"category","embeddable":true,"href":"https:\/\/lrm67.com\/index.php\/wp-json\/wp\/v2\/categories?post=25029"},{"taxonomy":"post_tag","embeddable":true,"href":"https:\/\/lrm67.com\/index.php\/wp-json\/wp\/v2\/tags?post=25029"}],"curies":[{"name":"wp","href":"https:\/\/api.w.org\/{rel}","templated":true}]}}