{"id":25015,"date":"2024-04-03T13:10:41","date_gmt":"2024-04-03T16:10:41","guid":{"rendered":"https:\/\/lrm67.com\/?p=25015"},"modified":"2024-04-03T13:10:41","modified_gmt":"2024-04-03T16:10:41","slug":"alvo-de-operacao-da-pf-contra-quadrilha-especializada-em-furto-de-veiculos-e-preso-em-ubatuba","status":"publish","type":"post","link":"https:\/\/lrm67.com\/index.php\/2024\/04\/03\/alvo-de-operacao-da-pf-contra-quadrilha-especializada-em-furto-de-veiculos-e-preso-em-ubatuba\/","title":{"rendered":"Alvo de opera\u00e7\u00e3o da PF contra quadrilha especializada em furto de ve\u00edculos \u00e9 preso em Ubatuba"},"content":{"rendered":"<p>Um alvo de uma opera\u00e7\u00e3o da Pol\u00edcia Federal contra uma quadrilha especializada em furtos de ve\u00edculos foi preso em Ubatuba (SP), na manh\u00e3 desta quarta-feira (3). Ainda n\u00e3o se sabe a idade do homem.<\/p>\n<p>De acordo com a Pol\u00edcia Federal, a organiza\u00e7\u00e3o criminosa praticava o crime em Uberaba (MG). A a\u00e7\u00e3o teve desdobramentos na cidade do Litoral Norte de S\u00e3o Paulo, onde tamb\u00e9m foram cumpridos dois mandados de busca e apreens\u00e3o, principalmente na regi\u00e3o da Praia Grande.<\/p>\n<p>A a\u00e7\u00e3o da PF recebeu o nome de \u2018Ciconia\u2019 e foi coordenada pela For\u00e7a Integrada de Combate ao Crime Organizado de Minas Gerais (Ficco). A suspeita \u00e9 que a quadrilha tenha causado R$ 2 milh\u00f5es em preju\u00edzos \u00e0s v\u00edtimas. Ao todo, foram cumpridos 15 mandados de busca e apreens\u00e3o e seis de pris\u00e3o tempor\u00e1ria.<\/p>\n<p>As investiga\u00e7\u00f5es come\u00e7aram em 2023, quando a Ficco recebeu informa\u00e7\u00f5es das pol\u00edcias Militar e Civil de que a organiza\u00e7\u00e3o criminosa estava furtando autom\u00f3veis transportados em caminh\u00f5es-cegonha e tamb\u00e9m ve\u00edculos estacionados em p\u00e1tios de supermercados ou em via p\u00fablica.<\/p>\n<p>A apura\u00e7\u00e3o tamb\u00e9m descobriu que as fun\u00e7\u00f5es dos membros da quadrilha v\u00e3o desde os praticantes dos furtos at\u00e9 pessoas respons\u00e1veis pela &#8220;guarda&#8221; dos ve\u00edculos e poss\u00edveis receptadores.<\/p>\n<p>Os alvos s\u00e3o investigados por furto, recepta\u00e7\u00e3o, adultera\u00e7\u00e3o de sinal identificador de ve\u00edculo e associa\u00e7\u00e3o criminosa, sendo que as penas somadas podem superar 20 de anos de pris\u00e3o.<\/p>\n<p>&nbsp;<\/p>\n<pre>Com G1<\/pre>\n","protected":false},"excerpt":{"rendered":"<p>Um alvo de uma opera\u00e7\u00e3o da Pol\u00edcia Federal contra uma quadrilha especializada em furtos de ve\u00edculos foi preso em Ubatuba (SP), na manh\u00e3 desta quarta-feira (3). Ainda n\u00e3o se sabe a idade do homem. De acordo com a Pol\u00edcia Federal, a organiza\u00e7\u00e3o criminosa praticava o crime em Uberaba (MG). A a\u00e7\u00e3o teve desdobramentos na cidade [&hellip;]<\/p>\n","protected":false},"author":26,"featured_media":25016,"comment_status":"open","ping_status":"open","sticky":false,"template":"","format":"standard","meta":{"footnotes":""},"categories":[7,15,14],"tags":[],"class_list":["post-25015","post","type-post","status-publish","format-standard","has-post-thumbnail","hentry","category-destaque","category-policia","category-ubatuba"],"aioseo_notices":[],"_links":{"self":[{"href":"https:\/\/lrm67.com\/index.php\/wp-json\/wp\/v2\/posts\/25015","targetHints":{"allow":["GET"]}}],"collection":[{"href":"https:\/\/lrm67.com\/index.php\/wp-json\/wp\/v2\/posts"}],"about":[{"href":"https:\/\/lrm67.com\/index.php\/wp-json\/wp\/v2\/types\/post"}],"author":[{"embeddable":true,"href":"https:\/\/lrm67.com\/index.php\/wp-json\/wp\/v2\/users\/26"}],"replies":[{"embeddable":true,"href":"https:\/\/lrm67.com\/index.php\/wp-json\/wp\/v2\/comments?post=25015"}],"version-history":[{"count":1,"href":"https:\/\/lrm67.com\/index.php\/wp-json\/wp\/v2\/posts\/25015\/revisions"}],"predecessor-version":[{"id":25017,"href":"https:\/\/lrm67.com\/index.php\/wp-json\/wp\/v2\/posts\/25015\/revisions\/25017"}],"wp:featuredmedia":[{"embeddable":true,"href":"https:\/\/lrm67.com\/index.php\/wp-json\/wp\/v2\/media\/25016"}],"wp:attachment":[{"href":"https:\/\/lrm67.com\/index.php\/wp-json\/wp\/v2\/media?parent=25015"}],"wp:term":[{"taxonomy":"category","embeddable":true,"href":"https:\/\/lrm67.com\/index.php\/wp-json\/wp\/v2\/categories?post=25015"},{"taxonomy":"post_tag","embeddable":true,"href":"https:\/\/lrm67.com\/index.php\/wp-json\/wp\/v2\/tags?post=25015"}],"curies":[{"name":"wp","href":"https:\/\/api.w.org\/{rel}","templated":true}]}}