{"id":25009,"date":"2024-04-03T08:03:20","date_gmt":"2024-04-03T11:03:20","guid":{"rendered":"https:\/\/lrm67.com\/?p=25009"},"modified":"2024-04-03T08:03:20","modified_gmt":"2024-04-03T11:03:20","slug":"policia-ambiental-divulga-os-resultados-de-apreensoes-de-bagre-no-periodo-do-defeso-nas-cidades-do-litoral","status":"publish","type":"post","link":"https:\/\/lrm67.com\/index.php\/2024\/04\/03\/policia-ambiental-divulga-os-resultados-de-apreensoes-de-bagre-no-periodo-do-defeso-nas-cidades-do-litoral\/","title":{"rendered":"Pol\u00edcia Ambiental divulga os resultados de apreens\u00f5es de bagre no per\u00edodo do defeso nas cidades do litoral"},"content":{"rendered":"<p>Marcello Ver\u00edssimo<\/p>\n<p>A 5\u00aa Companhia de Pol\u00edcia Militar Ambiental Mar\u00edtima, ligada ao 3\u00ba BPAmb (Batalh\u00e3o de Pol\u00edcia Ambiental) divulgou nesta ter\u00e7a-feira (2) o balan\u00e7o de apreens\u00f5es do peixe Bagre, esp\u00e9cie que at\u00e9 recentemente estava no per\u00edodo de do defeso, que \u00e9 o tempo em que a pesca ou venda de algumas esp\u00e9cies ficam proibidas enquanto elas se reproduzem.<\/p>\n<p>Neste ano o defeso come\u00e7ou no dia 1 de janeiro e terminou no \u00faltimo dia 30 de mar\u00e7o.<\/p>\n<p>De acordo com a pol\u00edcia, ao todo, 27 quilos da esp\u00e9cie foram apreendidos, provenientes da pesca, armazenamento e com\u00e9rcio ilegal durante o defeso. Os policiais tamb\u00e9m conseguiram salvar a vida de mais de 30 exemplares da esp\u00e9cie foram \u201cdesemalhados\u201d vivos nas redes de pesca irregulares, e devolvidos ao mar.<\/p>\n<p>Pris\u00f5es &#8211; Nesse per\u00edodo quatro pessoas foram autuadas, al\u00e9m de seis Autos de Infra\u00e7\u00e3o Ambiental foram lavrados, em mais de R$12,6 mil de multas.<\/p>\n","protected":false},"excerpt":{"rendered":"<p>Marcello Ver\u00edssimo A 5\u00aa Companhia de Pol\u00edcia Militar Ambiental Mar\u00edtima, ligada ao 3\u00ba BPAmb (Batalh\u00e3o de Pol\u00edcia Ambiental) divulgou nesta ter\u00e7a-feira (2) o balan\u00e7o de apreens\u00f5es do peixe Bagre, esp\u00e9cie que at\u00e9 recentemente estava no per\u00edodo de do defeso, que \u00e9 o tempo em que a pesca ou venda de algumas esp\u00e9cies ficam proibidas enquanto [&hellip;]<\/p>\n","protected":false},"author":28,"featured_media":25010,"comment_status":"open","ping_status":"open","sticky":false,"template":"","format":"standard","meta":{"footnotes":""},"categories":[80,15],"tags":[],"class_list":["post-25009","post","type-post","status-publish","format-standard","has-post-thumbnail","hentry","category-litoral-norte","category-policia"],"aioseo_notices":[],"_links":{"self":[{"href":"https:\/\/lrm67.com\/index.php\/wp-json\/wp\/v2\/posts\/25009","targetHints":{"allow":["GET"]}}],"collection":[{"href":"https:\/\/lrm67.com\/index.php\/wp-json\/wp\/v2\/posts"}],"about":[{"href":"https:\/\/lrm67.com\/index.php\/wp-json\/wp\/v2\/types\/post"}],"author":[{"embeddable":true,"href":"https:\/\/lrm67.com\/index.php\/wp-json\/wp\/v2\/users\/28"}],"replies":[{"embeddable":true,"href":"https:\/\/lrm67.com\/index.php\/wp-json\/wp\/v2\/comments?post=25009"}],"version-history":[{"count":1,"href":"https:\/\/lrm67.com\/index.php\/wp-json\/wp\/v2\/posts\/25009\/revisions"}],"predecessor-version":[{"id":25011,"href":"https:\/\/lrm67.com\/index.php\/wp-json\/wp\/v2\/posts\/25009\/revisions\/25011"}],"wp:featuredmedia":[{"embeddable":true,"href":"https:\/\/lrm67.com\/index.php\/wp-json\/wp\/v2\/media\/25010"}],"wp:attachment":[{"href":"https:\/\/lrm67.com\/index.php\/wp-json\/wp\/v2\/media?parent=25009"}],"wp:term":[{"taxonomy":"category","embeddable":true,"href":"https:\/\/lrm67.com\/index.php\/wp-json\/wp\/v2\/categories?post=25009"},{"taxonomy":"post_tag","embeddable":true,"href":"https:\/\/lrm67.com\/index.php\/wp-json\/wp\/v2\/tags?post=25009"}],"curies":[{"name":"wp","href":"https:\/\/api.w.org\/{rel}","templated":true}]}}