{"id":25006,"date":"2024-04-03T08:02:29","date_gmt":"2024-04-03T11:02:29","guid":{"rendered":"https:\/\/lrm67.com\/?p=25006"},"modified":"2024-04-03T08:02:29","modified_gmt":"2024-04-03T11:02:29","slug":"prefeitura-realiza-perenizacao-asfaltica-na-estrada-rio-das-pedras-em-s-s","status":"publish","type":"post","link":"https:\/\/lrm67.com\/index.php\/2024\/04\/03\/prefeitura-realiza-perenizacao-asfaltica-na-estrada-rio-das-pedras-em-s-s\/","title":{"rendered":"Prefeitura realiza pereniza\u00e7\u00e3o asf\u00e1ltica na Estrada Rio das Pedras em S.S"},"content":{"rendered":"<p>Marcello Ver\u00edssimo<\/p>\n<p>A Secretaria de Servi\u00e7os P\u00fablicos (SESEP), em S\u00e3o Sebasti\u00e3o, realizou nesta ter\u00e7a-feira (2) servi\u00e7os de pereniza\u00e7\u00e3o asf\u00e1ltica na Estrada Rio das Pedras e na Rua Pontal da Cruz, em Cambury, na costa sul do munic\u00edpio.<\/p>\n<p>A pereniza\u00e7\u00e3o de vias n\u00e3o pavimentadas consiste na melhoria das condi\u00e7\u00f5es de tr\u00e1fego.<\/p>\n<p>A estrada Rio das Pedras possui cerca de quatro quil\u00f4metros de extens\u00e3o e \u00e9 considerada uma das principais vias do Sert\u00e3o de Cambury.<\/p>\n<p>De acordo com a secretaria, a estrada sofre constantemente com o fluxo de ve\u00edculos e a correnteza durante as chuvas. \u201cOs trabalhos nas vias s\u00e3o cont\u00ednuos para evitar transtornos para a popula\u00e7\u00e3o\u201d, disse a prefeitura.<\/p>\n<p>Durante o servi\u00e7o foram colocadas aproximadamente 20 metros c\u00fabicos de areia. O trabalho foi executado por cinco homens da equipe da Regional Boi\u00e7ucanga.<\/p>\n<p>Servi\u00e7o &#8211; A Regional Boi\u00e7ucanga fica na Avenida Walkir Vergani, 36. O telefone \u00e9 o (12) 3865-1550. Os atendimentos ocorrem de segunda a sexta-feira, das 7h \u00e0s 17h.<\/p>\n","protected":false},"excerpt":{"rendered":"<p>Marcello Ver\u00edssimo A Secretaria de Servi\u00e7os P\u00fablicos (SESEP), em S\u00e3o Sebasti\u00e3o, realizou nesta ter\u00e7a-feira (2) servi\u00e7os de pereniza\u00e7\u00e3o asf\u00e1ltica na Estrada Rio das Pedras e na Rua Pontal da Cruz, em Cambury, na costa sul do munic\u00edpio. A pereniza\u00e7\u00e3o de vias n\u00e3o pavimentadas consiste na melhoria das condi\u00e7\u00f5es de tr\u00e1fego. A estrada Rio das Pedras [&hellip;]<\/p>\n","protected":false},"author":28,"featured_media":25007,"comment_status":"open","ping_status":"open","sticky":false,"template":"","format":"standard","meta":{"footnotes":""},"categories":[2,80,13,78],"tags":[],"class_list":["post-25006","post","type-post","status-publish","format-standard","has-post-thumbnail","hentry","category-geral","category-litoral-norte","category-sao-sebastiao","category-transito"],"aioseo_notices":[],"_links":{"self":[{"href":"https:\/\/lrm67.com\/index.php\/wp-json\/wp\/v2\/posts\/25006","targetHints":{"allow":["GET"]}}],"collection":[{"href":"https:\/\/lrm67.com\/index.php\/wp-json\/wp\/v2\/posts"}],"about":[{"href":"https:\/\/lrm67.com\/index.php\/wp-json\/wp\/v2\/types\/post"}],"author":[{"embeddable":true,"href":"https:\/\/lrm67.com\/index.php\/wp-json\/wp\/v2\/users\/28"}],"replies":[{"embeddable":true,"href":"https:\/\/lrm67.com\/index.php\/wp-json\/wp\/v2\/comments?post=25006"}],"version-history":[{"count":1,"href":"https:\/\/lrm67.com\/index.php\/wp-json\/wp\/v2\/posts\/25006\/revisions"}],"predecessor-version":[{"id":25008,"href":"https:\/\/lrm67.com\/index.php\/wp-json\/wp\/v2\/posts\/25006\/revisions\/25008"}],"wp:featuredmedia":[{"embeddable":true,"href":"https:\/\/lrm67.com\/index.php\/wp-json\/wp\/v2\/media\/25007"}],"wp:attachment":[{"href":"https:\/\/lrm67.com\/index.php\/wp-json\/wp\/v2\/media?parent=25006"}],"wp:term":[{"taxonomy":"category","embeddable":true,"href":"https:\/\/lrm67.com\/index.php\/wp-json\/wp\/v2\/categories?post=25006"},{"taxonomy":"post_tag","embeddable":true,"href":"https:\/\/lrm67.com\/index.php\/wp-json\/wp\/v2\/tags?post=25006"}],"curies":[{"name":"wp","href":"https:\/\/api.w.org\/{rel}","templated":true}]}}