{"id":24991,"date":"2024-04-02T09:13:50","date_gmt":"2024-04-02T12:13:50","guid":{"rendered":"https:\/\/lrm67.com\/?p=24991"},"modified":"2024-04-02T09:13:50","modified_gmt":"2024-04-02T12:13:50","slug":"vandalo-quebra-vidro-de-onibus-na-costa-sul-de-s-s","status":"publish","type":"post","link":"https:\/\/lrm67.com\/index.php\/2024\/04\/02\/vandalo-quebra-vidro-de-onibus-na-costa-sul-de-s-s\/","title":{"rendered":"V\u00e2ndalo quebra vidro de \u00f4nibus na costa sul de S.S"},"content":{"rendered":"<p>Marcello Ver\u00edssimo<\/p>\n<p>Um novo ataque contra \u00f4nibus circular da \u201cSou\u201d, que opera as linhas municipais, voltou a chamar aten\u00e7\u00e3o das autoridades em S\u00e3o Sebasti\u00e3o. \u00c9 o terceiro caso registrado nos \u00faltimos 12 meses.<\/p>\n<p>De acordo com a prefeitura, a Pol\u00edcia Municipal atendeu a ocorr\u00eancia que aconteceu na madrugada deste domingo (31), perto das 2h. Ningu\u00e9m ficou ferido.<\/p>\n<p>A prefeitura informou que o ato de vandalismo ocorreu na linha tronco 2, no trajeto Centro\/Borac\u00e9ia.<\/p>\n<p>O motorista que estava na linha disse que ao parar o ve\u00edculo no ponto um rapaz arremessou uma pedra na porta dianteira, quebrando os vidros.<\/p>\n<p>A prefeitura registrou boletim de ocorr\u00eancia sobre o fato. \u201cA Prefeitura lamenta o ocorrido e informa que atos como esses devem ser repreendidos e denunciados pela popula\u00e7\u00e3o\u201d, disse, em nota a administra\u00e7\u00e3o.<\/p>\n<p>Crime &#8211; O dano ao patrim\u00f4nio p\u00fablico \u00e9 considerado crime qualificado e os respons\u00e1veis podem ser punidos conforme a lei. Segundo o artigo 163, inciso III, do C\u00f3digo Penal, o crime pode gerar uma pena de seis meses a um ano de pris\u00e3o ou pagamento de multa e repara\u00e7\u00e3o do dano causado.<\/p>\n<p>Outros casos &#8211; O primeiro ataque ocorreu no dia 25 de mar\u00e7o do ano passado, um dia ap\u00f3s a entrega da nova frota de \u00f4nibus para o munic\u00edpio.<\/p>\n<p>O \u00f4nibus foi depredado na altura de Juquehy, na Costa Sul. Ningu\u00e9m ficou ferido.<\/p>\n<p>No dia 31 de janeiro deste ano, um outro \u00f4nibus acabou sendo incendiado no Terminal do Itatinga, na regi\u00e3o Central da cidade. No momento do crime, o \u00f4nibus estava vazio e o caso foi encaminhado para Pol\u00edcia Civil investigar a motiva\u00e7\u00e3o e identificar os criminosos.<\/p>\n","protected":false},"excerpt":{"rendered":"<p>Marcello Ver\u00edssimo Um novo ataque contra \u00f4nibus circular da \u201cSou\u201d, que opera as linhas municipais, voltou a chamar aten\u00e7\u00e3o das autoridades em S\u00e3o Sebasti\u00e3o. \u00c9 o terceiro caso registrado nos \u00faltimos 12 meses. De acordo com a prefeitura, a Pol\u00edcia Municipal atendeu a ocorr\u00eancia que aconteceu na madrugada deste domingo (31), perto das 2h. Ningu\u00e9m [&hellip;]<\/p>\n","protected":false},"author":28,"featured_media":24992,"comment_status":"open","ping_status":"open","sticky":false,"template":"","format":"standard","meta":{"footnotes":""},"categories":[15,13],"tags":[],"class_list":["post-24991","post","type-post","status-publish","format-standard","has-post-thumbnail","hentry","category-policia","category-sao-sebastiao"],"aioseo_notices":[],"_links":{"self":[{"href":"https:\/\/lrm67.com\/index.php\/wp-json\/wp\/v2\/posts\/24991","targetHints":{"allow":["GET"]}}],"collection":[{"href":"https:\/\/lrm67.com\/index.php\/wp-json\/wp\/v2\/posts"}],"about":[{"href":"https:\/\/lrm67.com\/index.php\/wp-json\/wp\/v2\/types\/post"}],"author":[{"embeddable":true,"href":"https:\/\/lrm67.com\/index.php\/wp-json\/wp\/v2\/users\/28"}],"replies":[{"embeddable":true,"href":"https:\/\/lrm67.com\/index.php\/wp-json\/wp\/v2\/comments?post=24991"}],"version-history":[{"count":1,"href":"https:\/\/lrm67.com\/index.php\/wp-json\/wp\/v2\/posts\/24991\/revisions"}],"predecessor-version":[{"id":24993,"href":"https:\/\/lrm67.com\/index.php\/wp-json\/wp\/v2\/posts\/24991\/revisions\/24993"}],"wp:featuredmedia":[{"embeddable":true,"href":"https:\/\/lrm67.com\/index.php\/wp-json\/wp\/v2\/media\/24992"}],"wp:attachment":[{"href":"https:\/\/lrm67.com\/index.php\/wp-json\/wp\/v2\/media?parent=24991"}],"wp:term":[{"taxonomy":"category","embeddable":true,"href":"https:\/\/lrm67.com\/index.php\/wp-json\/wp\/v2\/categories?post=24991"},{"taxonomy":"post_tag","embeddable":true,"href":"https:\/\/lrm67.com\/index.php\/wp-json\/wp\/v2\/tags?post=24991"}],"curies":[{"name":"wp","href":"https:\/\/api.w.org\/{rel}","templated":true}]}}