{"id":24971,"date":"2024-04-01T14:25:18","date_gmt":"2024-04-01T17:25:18","guid":{"rendered":"https:\/\/lrm67.com\/?p=24971"},"modified":"2024-04-01T14:25:18","modified_gmt":"2024-04-01T17:25:18","slug":"corpo-encontrado-em-pauba-e-do-jovem-levado-pelas-ondas-em-bertioga","status":"publish","type":"post","link":"https:\/\/lrm67.com\/index.php\/2024\/04\/01\/corpo-encontrado-em-pauba-e-do-jovem-levado-pelas-ondas-em-bertioga\/","title":{"rendered":"Corpo encontrado em Pa\u00faba \u00e9 do jovem levado pelas ondas em Bertioga"},"content":{"rendered":"<p>Marcello Ver\u00edssimo<\/p>\n<p>O IML (Instituto M\u00e9dico Legal), em Caraguatatuba, confirmou no in\u00edcio da tarde desta segunda-feira (1) que o corpo encontrado entre as praias de Pa\u00faba e Santiago, na costa sul de S\u00e3o Sebasti\u00e3o, no \u00faltimo fim de semana \u00e9 do jovem Felipe dos Santos Barreto,17.<\/p>\n<p>O corpo, encontrado em avan\u00e7ado estado de decomposi\u00e7\u00e3o, foi reconhecido pela m\u00e3e do adolescente Alexandra dos Santos, que veio de Mogi das Cruzes, na regi\u00e3o metropolitana de S\u00e3o Paulo, para realizar o reconhecimento, neste domingo (31).<\/p>\n<p>De acordo com a pol\u00edcia, o adolescente desapareceu no mar no \u00faltimo dia 25 de mar\u00e7o ap\u00f3s ser arrastado pelas ondas no Cant\u00e3o do Indai\u00e1, em Bertioga.<\/p>\n<p>O GBMar (Grupamento de Bombeiros Mar\u00edtimos) no Litoral Norte disse aos jornalistas que o mar estava agitado naquele dia e o rapaz foi levado por uma grande onda que o arrastou para o fundo, n\u00e3o sendo poss\u00edvel localiz\u00e1-lo.<\/p>\n<p>Era a primeira vez que o jovem havia ido sozinho \u00e0 praia com os amigos. Eles acionaram o GBMar que foi ao local, mas n\u00e3o encontraram Felipe. O corpo s\u00f3 foi aparecer na costa sul de S\u00e3o Sebasti\u00e3o neste s\u00e1bado (30).<\/p>\n<p>A m\u00e3e disse que sempre vai lembrar do filho como ele era &#8220;muito alegre e extrovertido&#8221;.<\/p>\n","protected":false},"excerpt":{"rendered":"<p>Marcello Ver\u00edssimo O IML (Instituto M\u00e9dico Legal), em Caraguatatuba, confirmou no in\u00edcio da tarde desta segunda-feira (1) que o corpo encontrado entre as praias de Pa\u00faba e Santiago, na costa sul de S\u00e3o Sebasti\u00e3o, no \u00faltimo fim de semana \u00e9 do jovem Felipe dos Santos Barreto,17. O corpo, encontrado em avan\u00e7ado estado de decomposi\u00e7\u00e3o, foi [&hellip;]<\/p>\n","protected":false},"author":28,"featured_media":24972,"comment_status":"open","ping_status":"open","sticky":false,"template":"","format":"standard","meta":{"footnotes":""},"categories":[82,8,7,15],"tags":[],"class_list":["post-24971","post","type-post","status-publish","format-standard","has-post-thumbnail","hentry","category-bertioga","category-caraguatatuba","category-destaque","category-policia"],"aioseo_notices":[],"_links":{"self":[{"href":"https:\/\/lrm67.com\/index.php\/wp-json\/wp\/v2\/posts\/24971","targetHints":{"allow":["GET"]}}],"collection":[{"href":"https:\/\/lrm67.com\/index.php\/wp-json\/wp\/v2\/posts"}],"about":[{"href":"https:\/\/lrm67.com\/index.php\/wp-json\/wp\/v2\/types\/post"}],"author":[{"embeddable":true,"href":"https:\/\/lrm67.com\/index.php\/wp-json\/wp\/v2\/users\/28"}],"replies":[{"embeddable":true,"href":"https:\/\/lrm67.com\/index.php\/wp-json\/wp\/v2\/comments?post=24971"}],"version-history":[{"count":1,"href":"https:\/\/lrm67.com\/index.php\/wp-json\/wp\/v2\/posts\/24971\/revisions"}],"predecessor-version":[{"id":24973,"href":"https:\/\/lrm67.com\/index.php\/wp-json\/wp\/v2\/posts\/24971\/revisions\/24973"}],"wp:featuredmedia":[{"embeddable":true,"href":"https:\/\/lrm67.com\/index.php\/wp-json\/wp\/v2\/media\/24972"}],"wp:attachment":[{"href":"https:\/\/lrm67.com\/index.php\/wp-json\/wp\/v2\/media?parent=24971"}],"wp:term":[{"taxonomy":"category","embeddable":true,"href":"https:\/\/lrm67.com\/index.php\/wp-json\/wp\/v2\/categories?post=24971"},{"taxonomy":"post_tag","embeddable":true,"href":"https:\/\/lrm67.com\/index.php\/wp-json\/wp\/v2\/tags?post=24971"}],"curies":[{"name":"wp","href":"https:\/\/api.w.org\/{rel}","templated":true}]}}