{"id":23336,"date":"2024-01-31T17:09:44","date_gmt":"2024-01-31T20:09:44","guid":{"rendered":"https:\/\/lrm67.com\/?p=23336"},"modified":"2024-01-31T17:09:44","modified_gmt":"2024-01-31T20:09:44","slug":"tempo-muda-fica-nublado-com-queda-na-temperatura-e-alerta-para-tempestades-ate-o-fim-de-semana","status":"publish","type":"post","link":"https:\/\/lrm67.com\/index.php\/2024\/01\/31\/tempo-muda-fica-nublado-com-queda-na-temperatura-e-alerta-para-tempestades-ate-o-fim-de-semana\/","title":{"rendered":"Tempo muda, fica nublado com queda na temperatura e alerta para tempestades at\u00e9 o fim de semana"},"content":{"rendered":"<p>Marcello Ver\u00edssimo<\/p>\n<p>O tempo virou e o sol deu lugar para uma ligeira tr\u00e9gua no calor, com c\u00e9u encoberto por nuvens e, ao inv\u00e9s do azul ensolarado, boa parte desta quarta-feira (31) foi cinza e nublada. Cen\u00e1rio de acordo com novo alerta para tempestades divulgado pelo Inmet (Instituto Nacional de Meteorologia), que segue v\u00e1lido at\u00e9 a pr\u00f3xima sexta-feira (2).<\/p>\n<p>O alerta inclui as cidades do Vale do Para\u00edba, Regi\u00e3o Bragantina e o Litoral Norte.<\/p>\n<p>De acordo com o Inmet, o alerta \u00e9 amarelo, que aponta precis\u00e3o de perigo potencial. Conforme a previs\u00e3o, h\u00e1 chance de chuva de 20 a 30 mil\u00edmetros por hora ou uma m\u00e9dia de 50 mil\u00edmetros por dia.<\/p>\n<p>Al\u00e9m disso, o alerta ainda prev\u00ea ventos intensos, que podem variar entre 40 e 60 km\/h, e chuva de granizo. Apesar disso, os meteorologistas dizem que \u00e9 baixo o risco de corte de energia el\u00e9trica, queda de galhos de \u00e1rvores, alagamentos e descargas el\u00e9tricas.<\/p>\n<p>Durante as tempestades, as orienta\u00e7\u00f5es dos meteorologistas s\u00e3o para as pessoas evitarem o uso de aparelhos eletr\u00f4nicos ligados \u00e0 tomada, al\u00e9m de, n\u00e3o se abrigar debaixo de \u00e1rvores, nem estacionar ve\u00edculos pr\u00f3ximos a torres de transmiss\u00e3o, por exemplo.<\/p>\n","protected":false},"excerpt":{"rendered":"<p>Marcello Ver\u00edssimo O tempo virou e o sol deu lugar para uma ligeira tr\u00e9gua no calor, com c\u00e9u encoberto por nuvens e, ao inv\u00e9s do azul ensolarado, boa parte desta quarta-feira (31) foi cinza e nublada. Cen\u00e1rio de acordo com novo alerta para tempestades divulgado pelo Inmet (Instituto Nacional de Meteorologia), que segue v\u00e1lido at\u00e9 [&hellip;]<\/p>\n","protected":false},"author":28,"featured_media":23337,"comment_status":"open","ping_status":"open","sticky":false,"template":"","format":"standard","meta":{"footnotes":""},"categories":[7,2,80,6],"tags":[],"class_list":["post-23336","post","type-post","status-publish","format-standard","has-post-thumbnail","hentry","category-destaque","category-geral","category-litoral-norte","category-tempo"],"aioseo_notices":[],"_links":{"self":[{"href":"https:\/\/lrm67.com\/index.php\/wp-json\/wp\/v2\/posts\/23336","targetHints":{"allow":["GET"]}}],"collection":[{"href":"https:\/\/lrm67.com\/index.php\/wp-json\/wp\/v2\/posts"}],"about":[{"href":"https:\/\/lrm67.com\/index.php\/wp-json\/wp\/v2\/types\/post"}],"author":[{"embeddable":true,"href":"https:\/\/lrm67.com\/index.php\/wp-json\/wp\/v2\/users\/28"}],"replies":[{"embeddable":true,"href":"https:\/\/lrm67.com\/index.php\/wp-json\/wp\/v2\/comments?post=23336"}],"version-history":[{"count":1,"href":"https:\/\/lrm67.com\/index.php\/wp-json\/wp\/v2\/posts\/23336\/revisions"}],"predecessor-version":[{"id":23338,"href":"https:\/\/lrm67.com\/index.php\/wp-json\/wp\/v2\/posts\/23336\/revisions\/23338"}],"wp:featuredmedia":[{"embeddable":true,"href":"https:\/\/lrm67.com\/index.php\/wp-json\/wp\/v2\/media\/23337"}],"wp:attachment":[{"href":"https:\/\/lrm67.com\/index.php\/wp-json\/wp\/v2\/media?parent=23336"}],"wp:term":[{"taxonomy":"category","embeddable":true,"href":"https:\/\/lrm67.com\/index.php\/wp-json\/wp\/v2\/categories?post=23336"},{"taxonomy":"post_tag","embeddable":true,"href":"https:\/\/lrm67.com\/index.php\/wp-json\/wp\/v2\/tags?post=23336"}],"curies":[{"name":"wp","href":"https:\/\/api.w.org\/{rel}","templated":true}]}}