{"id":23317,"date":"2024-01-31T07:40:12","date_gmt":"2024-01-31T10:40:12","guid":{"rendered":"https:\/\/lrm67.com\/?p=23317"},"modified":"2024-01-31T07:40:12","modified_gmt":"2024-01-31T10:40:12","slug":"bloquinhos-de-carnaval-invadem-as-ruas-da-regiao-a-partir-do-dia-8","status":"publish","type":"post","link":"https:\/\/lrm67.com\/index.php\/2024\/01\/31\/bloquinhos-de-carnaval-invadem-as-ruas-da-regiao-a-partir-do-dia-8\/","title":{"rendered":"Bloquinhos de Carnaval invadem as ruas da regi\u00e3o a partir do dia 8"},"content":{"rendered":"<p>Marcello Ver\u00edssimo<\/p>\n<p>Eles s\u00e3o a grande atra\u00e7\u00e3o do Carnaval por todo o pa\u00eds. Os blocos carnavalescos ou de embalo, n\u00e3o importa o nome, tem um \u00fanico objetivo em comum: divertir os foli\u00f5es.<\/p>\n<p>E em S\u00e3o Sebasti\u00e3o eles devem animar toda a cidade durante os dias de folia. De acordo com a prefeitura, os desfiles dos blocos, assim como os bailes de rua prometem ser o grande destaque da folia em 2024.<\/p>\n<p>No s\u00e1bado de Carnaval, no pr\u00f3ximo dia 10, o Bloco dos Sujos, que \u00e9 considerado o maior bloco de rua da regi\u00e3o, avan\u00e7a pelas ruas do Centro Hist\u00f3rico com muita anima\u00e7\u00e3o. A concentra\u00e7\u00e3o est\u00e1 marcada para come\u00e7ar \u00e0s 20h na Vila Am\u00e9lia.<\/p>\n<p>A prefeitura informou que o Bloco do Bruto vai animar os foli\u00f5es no Arrast\u00e3o, tamb\u00e9m no s\u00e1bado de Carnaval, mas o hor\u00e1rio do desfile n\u00e3o foi informado \u00e0 reportagem do JDL.<\/p>\n<p>Al\u00e9m disso, ainda segundo a assessoria de imprensa da Prefeitura de S\u00e3o Sebasti\u00e3o, o Bloco TBT com os cantores Jo\u00e3o Suplicy e Vitor da Candel\u00e1ria, desfila na Rua da Praia, no Centro, e em Maresias, na Costa Sul do munic\u00edpio no domingo e na segunda-feira de Carnaval, respectivamente.<\/p>\n<h2>Mais blocos<\/h2>\n<p>De acordo com a programa\u00e7\u00e3o divulgada pela prefeitura, os blocos carnavalescos Flor do Morro, Do Nill e Rosa Chock invadem a passarela do samba da Rua da Praia no domingo com direito a trio el\u00e9trico. O hor\u00e1rio do desfile n\u00e3o foi divulgado.<\/p>\n<p>J\u00e1 na Costa Sul, haver\u00e1 bailes todas as noites em Boi\u00e7ucanga, Maresias e Pa\u00faba durante as cinco noites de folia.<\/p>\n<p>Entre os destaques, os desfiles do bloco Vai-Quem-Quer e o Banho da Doroteia, em Boi\u00e7ucanga, al\u00e9m dos Blocos da Doroteia e Do Cavuka, em Barra do Una, e os Blocos do Arei\u00e3o e Samdosa, em Cambury.<\/p>\n<h2>Marchinhas<\/h2>\n<p>Para os foli\u00f5es que curtem o Carnaval de Antigamente, a Pra\u00e7a do Coreto, na regi\u00e3o central, recebe os foli\u00f5es para brincar a folia entre os dias 10 e 13, todas as noites, das 21h at\u00e9 1h.<\/p>\n<p>Os bailes de rua tamb\u00e9m ser\u00e3o realizados na Rua da Praia a partir do dia 9 de fevereiro.<\/p>\n<p>Ainda de acordo com a assessoria de imprensa da prefeitura, a folia de Momo tamb\u00e9m chega ao bairro da Enseada, S\u00e3o Francisco e Bareque\u00e7aba.<\/p>\n","protected":false},"excerpt":{"rendered":"<p>Marcello Ver\u00edssimo Eles s\u00e3o a grande atra\u00e7\u00e3o do Carnaval por todo o pa\u00eds. Os blocos carnavalescos ou de embalo, n\u00e3o importa o nome, tem um \u00fanico objetivo em comum: divertir os foli\u00f5es. E em S\u00e3o Sebasti\u00e3o eles devem animar toda a cidade durante os dias de folia. De acordo com a prefeitura, os desfiles dos [&hellip;]<\/p>\n","protected":false},"author":28,"featured_media":23318,"comment_status":"open","ping_status":"open","sticky":false,"template":"","format":"standard","meta":{"footnotes":""},"categories":[7,2,80],"tags":[],"class_list":["post-23317","post","type-post","status-publish","format-standard","has-post-thumbnail","hentry","category-destaque","category-geral","category-litoral-norte"],"aioseo_notices":[],"_links":{"self":[{"href":"https:\/\/lrm67.com\/index.php\/wp-json\/wp\/v2\/posts\/23317","targetHints":{"allow":["GET"]}}],"collection":[{"href":"https:\/\/lrm67.com\/index.php\/wp-json\/wp\/v2\/posts"}],"about":[{"href":"https:\/\/lrm67.com\/index.php\/wp-json\/wp\/v2\/types\/post"}],"author":[{"embeddable":true,"href":"https:\/\/lrm67.com\/index.php\/wp-json\/wp\/v2\/users\/28"}],"replies":[{"embeddable":true,"href":"https:\/\/lrm67.com\/index.php\/wp-json\/wp\/v2\/comments?post=23317"}],"version-history":[{"count":1,"href":"https:\/\/lrm67.com\/index.php\/wp-json\/wp\/v2\/posts\/23317\/revisions"}],"predecessor-version":[{"id":23319,"href":"https:\/\/lrm67.com\/index.php\/wp-json\/wp\/v2\/posts\/23317\/revisions\/23319"}],"wp:featuredmedia":[{"embeddable":true,"href":"https:\/\/lrm67.com\/index.php\/wp-json\/wp\/v2\/media\/23318"}],"wp:attachment":[{"href":"https:\/\/lrm67.com\/index.php\/wp-json\/wp\/v2\/media?parent=23317"}],"wp:term":[{"taxonomy":"category","embeddable":true,"href":"https:\/\/lrm67.com\/index.php\/wp-json\/wp\/v2\/categories?post=23317"},{"taxonomy":"post_tag","embeddable":true,"href":"https:\/\/lrm67.com\/index.php\/wp-json\/wp\/v2\/tags?post=23317"}],"curies":[{"name":"wp","href":"https:\/\/api.w.org\/{rel}","templated":true}]}}