{"id":23311,"date":"2024-01-31T07:35:09","date_gmt":"2024-01-31T10:35:09","guid":{"rendered":"https:\/\/lrm67.com\/?p=23311"},"modified":"2024-01-31T07:35:09","modified_gmt":"2024-01-31T10:35:09","slug":"indigenas-se-organizam-para-aprimorar-tecnicas-essenciais","status":"publish","type":"post","link":"https:\/\/lrm67.com\/index.php\/2024\/01\/31\/indigenas-se-organizam-para-aprimorar-tecnicas-essenciais\/","title":{"rendered":"Ind\u00edgenas se organizam para aprimorar t\u00e9cnicas essenciais"},"content":{"rendered":"<p>Marcello Ver\u00edssimo<\/p>\n<p>Os povos ind\u00edgenas avan\u00e7am para sua organiza\u00e7\u00e3o profissional e estrutura nas aldeias. Nesta ter\u00e7a-feira (30), uma reuni\u00e3o na aldeia Renascer, em Ubatuba, deu in\u00edcio ao processo de consulta nas comunidades ind\u00edgenas do estado de S\u00e3o Paulo com o objetivo de oferecer forma\u00e7\u00e3o t\u00e9cnica para a popula\u00e7\u00e3o ind\u00edgena.<\/p>\n<p>A reuni\u00e3o aconteceu entre representantes da Secretaria de Justi\u00e7a e Cidadania, Sebrae e da CPPI (Coordenadoria de Pol\u00edticas para os Povos Ind\u00edgenas do Estado de S\u00e3o Paulo).<\/p>\n<p>A reuni\u00e3o estabeleceu as bases para futuras colabora\u00e7\u00f5es, al\u00e9m do comprometimento em fortalecer os trabalhos das comunidades, segundo Cristiano Kiririndju, coordenador de Pol\u00edticas para Povos Ind\u00edgenas.<\/p>\n<p>A pr\u00f3xima reuni\u00e3o foi marcada para o dia 19 de fevereiro na aldeia Rio Silveira, em Bertioga. O coordenador disse que as expectativas s\u00e3o altas para expandir o alcance dessas forma\u00e7\u00f5es t\u00e9cnicas.<\/p>\n<p>De acordo com ele, a perspectiva \u00e9 que essas iniciativas n\u00e3o apenas enrique\u00e7am o conhecimento t\u00e9cnico das comunidades ind\u00edgenas, mas que tamb\u00e9m abram portas para oportunidades econ\u00f4micas. \u201cProporcionando uma fonte de renda que contribua para o desenvolvimento sustent\u00e1vel dessas popula\u00e7\u00f5es\u201d.<\/p>\n","protected":false},"excerpt":{"rendered":"<p>Marcello Ver\u00edssimo Os povos ind\u00edgenas avan\u00e7am para sua organiza\u00e7\u00e3o profissional e estrutura nas aldeias. Nesta ter\u00e7a-feira (30), uma reuni\u00e3o na aldeia Renascer, em Ubatuba, deu in\u00edcio ao processo de consulta nas comunidades ind\u00edgenas do estado de S\u00e3o Paulo com o objetivo de oferecer forma\u00e7\u00e3o t\u00e9cnica para a popula\u00e7\u00e3o ind\u00edgena. A reuni\u00e3o aconteceu entre representantes da [&hellip;]<\/p>\n","protected":false},"author":28,"featured_media":23312,"comment_status":"open","ping_status":"open","sticky":false,"template":"","format":"standard","meta":{"footnotes":""},"categories":[7,2,14],"tags":[],"class_list":["post-23311","post","type-post","status-publish","format-standard","has-post-thumbnail","hentry","category-destaque","category-geral","category-ubatuba"],"aioseo_notices":[],"_links":{"self":[{"href":"https:\/\/lrm67.com\/index.php\/wp-json\/wp\/v2\/posts\/23311","targetHints":{"allow":["GET"]}}],"collection":[{"href":"https:\/\/lrm67.com\/index.php\/wp-json\/wp\/v2\/posts"}],"about":[{"href":"https:\/\/lrm67.com\/index.php\/wp-json\/wp\/v2\/types\/post"}],"author":[{"embeddable":true,"href":"https:\/\/lrm67.com\/index.php\/wp-json\/wp\/v2\/users\/28"}],"replies":[{"embeddable":true,"href":"https:\/\/lrm67.com\/index.php\/wp-json\/wp\/v2\/comments?post=23311"}],"version-history":[{"count":1,"href":"https:\/\/lrm67.com\/index.php\/wp-json\/wp\/v2\/posts\/23311\/revisions"}],"predecessor-version":[{"id":23313,"href":"https:\/\/lrm67.com\/index.php\/wp-json\/wp\/v2\/posts\/23311\/revisions\/23313"}],"wp:featuredmedia":[{"embeddable":true,"href":"https:\/\/lrm67.com\/index.php\/wp-json\/wp\/v2\/media\/23312"}],"wp:attachment":[{"href":"https:\/\/lrm67.com\/index.php\/wp-json\/wp\/v2\/media?parent=23311"}],"wp:term":[{"taxonomy":"category","embeddable":true,"href":"https:\/\/lrm67.com\/index.php\/wp-json\/wp\/v2\/categories?post=23311"},{"taxonomy":"post_tag","embeddable":true,"href":"https:\/\/lrm67.com\/index.php\/wp-json\/wp\/v2\/tags?post=23311"}],"curies":[{"name":"wp","href":"https:\/\/api.w.org\/{rel}","templated":true}]}}