{"id":23302,"date":"2024-01-30T14:19:22","date_gmt":"2024-01-30T17:19:22","guid":{"rendered":"https:\/\/lrm67.com\/?p=23302"},"modified":"2024-01-30T14:20:40","modified_gmt":"2024-01-30T17:20:40","slug":"psd-confirma-nome-de-manoel-marcos-como-pre-candidato-a-prefeito-de-ilhabela-mas-candidatura-ainda-depende-de-registro","status":"publish","type":"post","link":"https:\/\/lrm67.com\/index.php\/2024\/01\/30\/psd-confirma-nome-de-manoel-marcos-como-pre-candidato-a-prefeito-de-ilhabela-mas-candidatura-ainda-depende-de-registro\/","title":{"rendered":"PSD confirma nome de Manoel Marcos como pr\u00e9-candidato a prefeito de Ilhabela, mas candidatura ainda depende de registro"},"content":{"rendered":"<p>Marcello Ver\u00edssimo<\/p>\n<p>O cen\u00e1rio pol\u00edtico para as elei\u00e7\u00f5es municipais de outubro acabou de sofrer mais um rev\u00e9s. Ap\u00f3s anunciar sua pr\u00e9-candidatura o atual vereador Raul Cordeiro (PSD), conhecido como Raul da Habita\u00e7\u00e3o, que lan\u00e7ou sua pr\u00e9-candidatura a prefeito em dezembro do ano passado, viu seu nome perder espa\u00e7o para um pol\u00edtico conhecido no arquip\u00e9lago.<\/p>\n<p>O PSD, presidido pelo ex-prefeito da capital paulista, Gilberto Kassab, confirmou na noite desta segunda-feira (29), o nome do ex-prefeito Manoel Marcos de Jesus Ferreira como pr\u00e9-candidato a prefeito do arquip\u00e9lago pelo partido.<\/p>\n<p>Man\u00e9 esteve em um jantar na capital com prefeitos, ex-prefeitos, deputados e pr\u00e9-candidatos a prefeito, al\u00e9m de lideran\u00e7as pol\u00edticas do partido, com o presidente do partido Gilberto Kassab.<\/p>\n<p>O ex-prefeito, que viu seu nome recentemente ligado a uma senten\u00e7a judicial para devolver mais de meio milh\u00e3o aos cofres p\u00fablicos, por superfaturamento de compra de grama h\u00e1 18 anos, disse aos jornalistas que sua pr\u00e9-candidatura foi confirmada durante o encontro.<\/p>\n<p>De acordo com Manoel Marcos, Gilberto Kassab teria dito: &#8220;Man\u00e9, voc\u00ea \u00e9 o nosso l\u00edder e pr\u00e9-candidato a Prefeito em Ilhabela pelo PSD, conte com o nosso partido e o meu total apoio \u00e0 sua pr\u00e9-candidatura. Vamos trabalhar muito para a sua e para a nossa vit\u00f3ria em outubro. Estamos juntos\u201d.<\/p>\n<p>A condena\u00e7\u00e3o recente, por ser ainda em primeira inst\u00e2ncia e prever recursos, pode n\u00e3o atrapalhar o ex-prefeito no projeto de candidatura \u00e0s elei\u00e7\u00f5es deste ano, caso n\u00e3o tenha nenhum outro processo que o deixe ineleg\u00edvel.<\/p>\n<h2>2012<\/h2>\n<p>Desde 2012 quando teve sua candidatura impugnada ao ser declarado ficha-suja pela Justi\u00e7a Eleitoral, em todas as inst\u00e2ncias, o ex-prefeito de Ilhabela n\u00e3o via seu nome envolvido em esc\u00e2ndalos at\u00e9 agora.<\/p>\n<p>A reportagem do <strong>JDL<\/strong> tentou falar com Man\u00e9, mas seu celular n\u00e3o estava dispon\u00edvel. O vereador Raul da Habita\u00e7\u00e3o tamb\u00e9m n\u00e3o foi encontrado para comentar o assunto.<\/p>\n","protected":false},"excerpt":{"rendered":"<p>Marcello Ver\u00edssimo O cen\u00e1rio pol\u00edtico para as elei\u00e7\u00f5es municipais de outubro acabou de sofrer mais um rev\u00e9s. Ap\u00f3s anunciar sua pr\u00e9-candidatura o atual vereador Raul Cordeiro (PSD), conhecido como Raul da Habita\u00e7\u00e3o, que lan\u00e7ou sua pr\u00e9-candidatura a prefeito em dezembro do ano passado, viu seu nome perder espa\u00e7o para um pol\u00edtico conhecido no arquip\u00e9lago. O [&hellip;]<\/p>\n","protected":false},"author":28,"featured_media":23303,"comment_status":"open","ping_status":"open","sticky":false,"template":"","format":"standard","meta":{"footnotes":""},"categories":[7,3,16],"tags":[],"class_list":["post-23302","post","type-post","status-publish","format-standard","has-post-thumbnail","hentry","category-destaque","category-ilhabela","category-politica"],"aioseo_notices":[],"_links":{"self":[{"href":"https:\/\/lrm67.com\/index.php\/wp-json\/wp\/v2\/posts\/23302","targetHints":{"allow":["GET"]}}],"collection":[{"href":"https:\/\/lrm67.com\/index.php\/wp-json\/wp\/v2\/posts"}],"about":[{"href":"https:\/\/lrm67.com\/index.php\/wp-json\/wp\/v2\/types\/post"}],"author":[{"embeddable":true,"href":"https:\/\/lrm67.com\/index.php\/wp-json\/wp\/v2\/users\/28"}],"replies":[{"embeddable":true,"href":"https:\/\/lrm67.com\/index.php\/wp-json\/wp\/v2\/comments?post=23302"}],"version-history":[{"count":2,"href":"https:\/\/lrm67.com\/index.php\/wp-json\/wp\/v2\/posts\/23302\/revisions"}],"predecessor-version":[{"id":23306,"href":"https:\/\/lrm67.com\/index.php\/wp-json\/wp\/v2\/posts\/23302\/revisions\/23306"}],"wp:featuredmedia":[{"embeddable":true,"href":"https:\/\/lrm67.com\/index.php\/wp-json\/wp\/v2\/media\/23303"}],"wp:attachment":[{"href":"https:\/\/lrm67.com\/index.php\/wp-json\/wp\/v2\/media?parent=23302"}],"wp:term":[{"taxonomy":"category","embeddable":true,"href":"https:\/\/lrm67.com\/index.php\/wp-json\/wp\/v2\/categories?post=23302"},{"taxonomy":"post_tag","embeddable":true,"href":"https:\/\/lrm67.com\/index.php\/wp-json\/wp\/v2\/tags?post=23302"}],"curies":[{"name":"wp","href":"https:\/\/api.w.org\/{rel}","templated":true}]}}