{"id":23291,"date":"2024-01-30T07:54:59","date_gmt":"2024-01-30T10:54:59","guid":{"rendered":"https:\/\/lrm67.com\/?p=23291"},"modified":"2024-01-30T07:54:59","modified_gmt":"2024-01-30T10:54:59","slug":"alo-comunidade-chegou-a-hora-ln-na-contagem-regressiva-para-o-carnaval-2024","status":"publish","type":"post","link":"https:\/\/lrm67.com\/index.php\/2024\/01\/30\/alo-comunidade-chegou-a-hora-ln-na-contagem-regressiva-para-o-carnaval-2024\/","title":{"rendered":"\u201cAl\u00f4 comunidade chegou a hora!\u201d: LN na contagem regressiva para o Carnaval 2024"},"content":{"rendered":"<p>Marcello Ver\u00edssimo<\/p>\n<p>\u201cAl\u00f4 comunidade, chegou a hora!\u201d. Os foli\u00f5es da regi\u00e3o j\u00e1 come\u00e7aram a contagem regressiva para o Carnaval 2024, que neste ano acontece entre os dias 10 e 13 de fevereiro, contando s\u00e1bado, domingo, segunda e ter\u00e7a-feira.<\/p>\n<p>Mas em diversas partes do pa\u00eds a festa j\u00e1 est\u00e1 nos preparativos finais e come\u00e7a antes do calend\u00e1rio oficial, incluindo os munic\u00edpios da regi\u00e3o.<\/p>\n<p>Em Caragu\u00e1, por exemplo, a folia come\u00e7a no dia 8 de fevereiro, a partir das 19h, e termina no dia 13. A cidade n\u00e3o realiza o tradicional desfile das escolas de samba, mas neste ano est\u00e3o previstos os desfiles de 16 blocos carnavalescos, al\u00e9m do Carnaval de Antigamente, matin\u00eas para os pequenos foli\u00f5es e muitas surpresas.<\/p>\n<p>Os foli\u00f5es interessados em desfilar podem garantir o abad\u00e1 no Fundo Social, em troca de 2 kg de arroz e 1 kg de feij\u00e3o, que ser\u00e3o distribu\u00eddos \u00e0s entidades sociais do munic\u00edpio.<\/p>\n<h2>Um ano depois<\/h2>\n<p>Um ano depois do Carnaval que terminou com a trag\u00e9dia diante a tempestade que devastou a costa sul de S\u00e3o Sebasti\u00e3o, a prefeitura informou que os dias de folia prometem reunir milhares de foli\u00f5es entre as costas sul, norte e a regi\u00e3o central do munic\u00edpio.<\/p>\n<p>A programa\u00e7\u00e3o da Secretaria de Turismo (SETUR) e da Funda\u00e7\u00e3o Educacional e Cultural \u2018Deodato Sant\u2019Anna\u2019 (Fundass) vai animar os foli\u00f5es a partir do dia 9 de fevereiro.<\/p>\n<p>De 10 a 13, a Pra\u00e7a do Coreto recebe bandas musicais, todas as noites, das 21h \u00e0 1h.<\/p>\n<p>O Bloco dos Sujos, invade as ruas do Centro Hist\u00f3rico, no s\u00e1bado de Carnaval. A concentra\u00e7\u00e3o do maior bloco de rua da regi\u00e3o acontece a partir das 20h na Vila Am\u00e9lia.<\/p>\n<p>De acordo com a prefeitura, na Rua da Praia, haver\u00e1 shows com bandas musicais todas as noites.<\/p>\n<p>As crian\u00e7as tamb\u00e9m v\u00e3o desfrutar de uma programa\u00e7\u00e3o especial com matin\u00eas na Pra\u00e7a do Coreto, na regi\u00e3o central e em Barra do Una, na costa sul.<\/p>\n","protected":false},"excerpt":{"rendered":"<p>Marcello Ver\u00edssimo \u201cAl\u00f4 comunidade, chegou a hora!\u201d. Os foli\u00f5es da regi\u00e3o j\u00e1 come\u00e7aram a contagem regressiva para o Carnaval 2024, que neste ano acontece entre os dias 10 e 13 de fevereiro, contando s\u00e1bado, domingo, segunda e ter\u00e7a-feira. Mas em diversas partes do pa\u00eds a festa j\u00e1 est\u00e1 nos preparativos finais e come\u00e7a antes do [&hellip;]<\/p>\n","protected":false},"author":28,"featured_media":23292,"comment_status":"open","ping_status":"open","sticky":false,"template":"","format":"standard","meta":{"footnotes":""},"categories":[7,12,80],"tags":[],"class_list":["post-23291","post","type-post","status-publish","format-standard","has-post-thumbnail","hentry","category-destaque","category-eventos","category-litoral-norte"],"aioseo_notices":[],"_links":{"self":[{"href":"https:\/\/lrm67.com\/index.php\/wp-json\/wp\/v2\/posts\/23291","targetHints":{"allow":["GET"]}}],"collection":[{"href":"https:\/\/lrm67.com\/index.php\/wp-json\/wp\/v2\/posts"}],"about":[{"href":"https:\/\/lrm67.com\/index.php\/wp-json\/wp\/v2\/types\/post"}],"author":[{"embeddable":true,"href":"https:\/\/lrm67.com\/index.php\/wp-json\/wp\/v2\/users\/28"}],"replies":[{"embeddable":true,"href":"https:\/\/lrm67.com\/index.php\/wp-json\/wp\/v2\/comments?post=23291"}],"version-history":[{"count":1,"href":"https:\/\/lrm67.com\/index.php\/wp-json\/wp\/v2\/posts\/23291\/revisions"}],"predecessor-version":[{"id":23293,"href":"https:\/\/lrm67.com\/index.php\/wp-json\/wp\/v2\/posts\/23291\/revisions\/23293"}],"wp:featuredmedia":[{"embeddable":true,"href":"https:\/\/lrm67.com\/index.php\/wp-json\/wp\/v2\/media\/23292"}],"wp:attachment":[{"href":"https:\/\/lrm67.com\/index.php\/wp-json\/wp\/v2\/media?parent=23291"}],"wp:term":[{"taxonomy":"category","embeddable":true,"href":"https:\/\/lrm67.com\/index.php\/wp-json\/wp\/v2\/categories?post=23291"},{"taxonomy":"post_tag","embeddable":true,"href":"https:\/\/lrm67.com\/index.php\/wp-json\/wp\/v2\/tags?post=23291"}],"curies":[{"name":"wp","href":"https:\/\/api.w.org\/{rel}","templated":true}]}}