{"id":23267,"date":"2024-01-29T10:27:01","date_gmt":"2024-01-29T13:27:01","guid":{"rendered":"https:\/\/lrm67.com\/?p=23267"},"modified":"2024-01-29T18:28:33","modified_gmt":"2024-01-29T21:28:33","slug":"prefeitura-implementa-programa-jovem-aprendiz-paulista-em-sao-sebastiao","status":"publish","type":"post","link":"https:\/\/lrm67.com\/index.php\/2024\/01\/29\/prefeitura-implementa-programa-jovem-aprendiz-paulista-em-sao-sebastiao\/","title":{"rendered":"Prefeitura implementa programa Jovem Aprendiz Paulista em S\u00e3o Sebasti\u00e3o"},"content":{"rendered":"<p>A Prefeitura de S\u00e3o Sebasti\u00e3o, por meio da Secretaria de Desenvolvimento Econ\u00f4mico e Social (SEDES), Departamento de Emprego e Renda, Posto de Atendimento ao Trabalhador (PAT), em parceria com o Governo do Estado de S\u00e3o Paulo, Centro de Integra\u00e7\u00e3o Empresa \u2013 Escola (CIEE) e a Associa\u00e7\u00e3o Comercial e Empresarial de S\u00e3o Sebasti\u00e3o (ACESS), realizou reuni\u00e3o para o desenvolvimento de a\u00e7\u00f5es para implementar e fomentar o programa Jovem Aprendiz Paulista no munic\u00edpio.<\/p>\n<p>Participaram do encontro, realizado nesta segunda-feira (29), o secret\u00e1rio da SEDES, Elias Rodrigues, o secret\u00e1rio adjunto, Frederico Mazzucca, o diretor do Posto de Atendimento ao Trabalhador (PAT), Afonso Vale, a consultora de atendimento do CIEE, Melina Padilha Velasco, e o presidente da Associa\u00e7\u00e3o Comercial e Empresarial de S\u00e3o Sebasti\u00e3o (ACESS), Olivo Balut.<\/p>\n<p>\u201cOs dois pilares da Secretaria de Desenvolvimento Econ\u00f4mico e Social s\u00e3o a garantia dos direitos aos programas sociais dos governos federal, estadual e municipal e o empreendedorismo e a gera\u00e7\u00e3o de emprego e renda. Esta parceria representa a grande oportunidade para que os jovens trabalhadores ingressem ao mercado preparados pelas capacita\u00e7\u00f5es e focados na experi\u00eancia\u201d, afirmou o secret\u00e1rio Elias Rodrigues.<\/p>\n<p>O Jovem Aprendiz Paulista \u00e9 uma iniciativa do governo do Estado de S\u00e3o Paulo que incentiva Microempresas (ME) e Empresas de Pequeno Porte (EPP) a contratarem adolescentes e jovens residentes em suas vizinhan\u00e7as.<\/p>\n<p>O programa tem como foco proporcionar a primeira experi\u00eancia no mundo do trabalho para jovens da rede p\u00fablica de ensino ao mesmo tempo que fomenta a inclus\u00e3o social e economia local.<\/p>\n<h2>Jovem Aprendiz Paulista<\/h2>\n<p>Lan\u00e7ado em S\u00e3o Sebasti\u00e3o, em outubro de 2023, durante o Programa Gabinete 3D do governo do Estado, em parceria com o governo municipal, o programa Jovem Aprendiz Paulista tem como objetivo proporcionar a primeira experi\u00eancia no mundo do trabalho para jovens da rede p\u00fablica estadual e municipal de ensino, ao mesmo tempo que fomenta a inclus\u00e3o social e economia da cidade.<\/p>\n<p>Jovens de 14 a 24 anos interessados em participar do projeto devem estar regularmente matriculados e frequentando uma escola de ensino fundamental, m\u00e9dio, ou na Educa\u00e7\u00e3o de Jovens e Adultos (EJA) da rede p\u00fablica estadual e municipal de ensino, e ter o cadastro atualizado no Jovem Aprendiz Paulista. Mais informa\u00e7\u00f5es podem ser obtidas pelo site: https:\/\/jovemaprendiz.sp.gov.br\/.<\/p>\n","protected":false},"excerpt":{"rendered":"<p>A Prefeitura de S\u00e3o Sebasti\u00e3o, por meio da Secretaria de Desenvolvimento Econ\u00f4mico e Social (SEDES), Departamento de Emprego e Renda, Posto de Atendimento ao Trabalhador (PAT), em parceria com o Governo do Estado de S\u00e3o Paulo, Centro de Integra\u00e7\u00e3o Empresa \u2013 Escola (CIEE) e a Associa\u00e7\u00e3o Comercial e Empresarial de S\u00e3o Sebasti\u00e3o (ACESS), realizou reuni\u00e3o [&hellip;]<\/p>\n","protected":false},"author":26,"featured_media":23268,"comment_status":"open","ping_status":"open","sticky":false,"template":"","format":"standard","meta":{"footnotes":""},"categories":[4,16],"tags":[],"class_list":["post-23267","post","type-post","status-publish","format-standard","has-post-thumbnail","hentry","category-economia","category-politica"],"aioseo_notices":[],"_links":{"self":[{"href":"https:\/\/lrm67.com\/index.php\/wp-json\/wp\/v2\/posts\/23267","targetHints":{"allow":["GET"]}}],"collection":[{"href":"https:\/\/lrm67.com\/index.php\/wp-json\/wp\/v2\/posts"}],"about":[{"href":"https:\/\/lrm67.com\/index.php\/wp-json\/wp\/v2\/types\/post"}],"author":[{"embeddable":true,"href":"https:\/\/lrm67.com\/index.php\/wp-json\/wp\/v2\/users\/26"}],"replies":[{"embeddable":true,"href":"https:\/\/lrm67.com\/index.php\/wp-json\/wp\/v2\/comments?post=23267"}],"version-history":[{"count":1,"href":"https:\/\/lrm67.com\/index.php\/wp-json\/wp\/v2\/posts\/23267\/revisions"}],"predecessor-version":[{"id":23269,"href":"https:\/\/lrm67.com\/index.php\/wp-json\/wp\/v2\/posts\/23267\/revisions\/23269"}],"wp:featuredmedia":[{"embeddable":true,"href":"https:\/\/lrm67.com\/index.php\/wp-json\/wp\/v2\/media\/23268"}],"wp:attachment":[{"href":"https:\/\/lrm67.com\/index.php\/wp-json\/wp\/v2\/media?parent=23267"}],"wp:term":[{"taxonomy":"category","embeddable":true,"href":"https:\/\/lrm67.com\/index.php\/wp-json\/wp\/v2\/categories?post=23267"},{"taxonomy":"post_tag","embeddable":true,"href":"https:\/\/lrm67.com\/index.php\/wp-json\/wp\/v2\/tags?post=23267"}],"curies":[{"name":"wp","href":"https:\/\/api.w.org\/{rel}","templated":true}]}}