{"id":23263,"date":"2024-01-29T18:23:29","date_gmt":"2024-01-29T21:23:29","guid":{"rendered":"https:\/\/lrm67.com\/?p=23263"},"modified":"2024-01-29T18:34:15","modified_gmt":"2024-01-29T21:34:15","slug":"ilhabela-tem-carnaval-em-dobro-pelo-segundo-ano-consecutivo","status":"publish","type":"post","link":"https:\/\/lrm67.com\/index.php\/2024\/01\/29\/ilhabela-tem-carnaval-em-dobro-pelo-segundo-ano-consecutivo\/","title":{"rendered":"Ilhabela tem Carnaval em Dobro pelo segundo ano consecutivo"},"content":{"rendered":"<p style=\"font-weight: 400;\">Pelo segundo ano consecutivo, Ilhabela ter\u00e1 Carnaval em dobro. O evento ser\u00e1 realizado em fevereiro (de 9 a 13) e em mar\u00e7o (8 a 10), com uma programa\u00e7\u00e3o recheada, que inclui desfiles das Escolas de Samba, blocos de enredo e de embalo, carnaval de rua e o tradicional Banho da Dorot\u00e9ia.<\/p>\n<p style=\"font-weight: 400;\">Nos bastidores da folia que se aproxima, cerca de 150 profissionais est\u00e3o envolvidos e empenhados para que tudo esteja perfeito quando chegar a hora de brilhar na Passarela do Samba.<\/p>\n<p style=\"font-weight: 400;\">\u201cOs enredos e sambas j\u00e1 est\u00e3o prontos. As escolas s\u00e3o guerreiras, muito dedicadas, fazem m\u00e1gica nos 45 dias que antecedem o Carnaval\u201d, disse o presidente da Liga das Entidades Carnavalescas de Ilhabela (LECI), Cleber Biscassi.<\/p>\n<p style=\"font-weight: 400;\">Segundo ele, o mais importante \u00e9 manter a cultura do Carnaval, que \u00e9, inclusive, Patrim\u00f4nio Imaterial da cidade desde agosto do ano passado, quando foi aprovada a lei 1.610\/2023 (que leva o nome de F\u00e1tima Aparecida de Jesus, ex-presidente e precursora de um grande legado da escola de samba Unidos de Padre Anchieta, pioneira do munic\u00edpio, ainda ativa ap\u00f3s 58 anos de tradi\u00e7\u00e3o).<\/p>\n<p style=\"font-weight: 400;\">Tal reconhecimento garante a salvaguarda e prote\u00e7\u00e3o das pr\u00e1ticas culturais de um povo, fortalecendo os la\u00e7os identit\u00e1rios, o sentimento de pertencimento e a valoriza\u00e7\u00e3o de sua mem\u00f3ria.<\/p>\n<p style=\"font-weight: 400;\">\u201cA expectativa \u00e9 que cerca de 200 pessoas desfilem em cada escola\u201d, destacou Biscassi, que informou que os interessados em participar do desfile podem entrar em contato pelo do telefone (12) 99716-2601 (LECI).<\/p>\n<p style=\"font-weight: 400;\">Ao todo, a festa popular envolve cerca de duas mil pessoas que atuam de forma direta ou indireta no per\u00edodo de prepara\u00e7\u00e3o do desfile, gerando emprego e renda para artistas, m\u00fasicos, dan\u00e7arinos e artes\u00e3os.<\/p>\n<h2 style=\"font-weight: 400;\"><strong>Por que em dobro?<\/strong><\/h2>\n<p style=\"font-weight: 400;\">De acordo com o prefeito Toninho Colucci, o Carnaval em dobro vai permitir mais mobilidade para os moradores e turistas e menos transtornos, principalmente no Centro Hist\u00f3rico.<\/p>\n<p style=\"font-weight: 400;\">\u201cIlhabela j\u00e1 recebe muitos turistas nos dias do Carnaval oficial, \u00e9 um destino muito cobi\u00e7ado. Essa manifesta\u00e7\u00e3o cultural t\u00e3o importante gera impacto no tr\u00e2nsito, no com\u00e9rcio e mobiliza toda a cidade. Agora, fazendo ap\u00f3s o Carnaval nacional, temos a chance de nos organizar melhor e ainda atrair turistas dispostos a apreciar nossas escolas de samba\u201d, destacou o prefeito.<\/p>\n<h2 style=\"font-weight: 400;\"><strong>Fevereiro tem Carnaval<\/strong><\/h2>\n<p style=\"font-weight: 400;\">Na sexta-feira (9\/2), \u00e0s 20h30, o prefeito de Ilhabela, Toninho Colucci, realiza a abertura oficial do Carnaval 2024, com a entrega simb\u00f3lica da chave da cidade para o Rei Momo na Passarela do Samba, na Vila. A atra\u00e7\u00e3o musical fica por conta da Roda de Samba de Helinho do Pagode.<\/p>\n<p style=\"font-weight: 400;\">\u00c0s 22h, tem in\u00edcio o desfile dos blocos de embalo (Bloco da Camisinha, Bloco Recanto do Samba e Bloco do Lacras), que ser\u00e3o seguidos pela primeira noite do Baile de Rua (a partir da 1h), com o DJ Aquino.<\/p>\n<p style=\"font-weight: 400;\">No Carnaval de fevereiro, um dos destaques \u00e9 o tradicional Banho da Dorot\u00e9ia, que ter\u00e1 quatro edi\u00e7\u00f5es este ano: No Portinho, na Praia Grande, no Perequ\u00ea e na Vila.<\/p>\n<p style=\"font-weight: 400;\">A tradi\u00e7\u00e3o nasceu h\u00e1 cerca de 60 anos com um pequeno grupo de amigos que se divertia em um dia de Carnaval com um mergulho no mar. Hoje, o Banho da Doroteia re\u00fane diversos blocos que desfilam com fantasias de papel crepom e terminam colorindo o mar.<\/p>\n<p><img fetchpriority=\"high\" decoding=\"async\" class=\"alignnone size-full wp-image-23264\" src=\"https:\/\/lrm67.com\/wp-content\/uploads\/2024\/01\/Ilhabela-tem-Carnaval-em-Dobro-pelo-segundo-ano-consecutivo.jpg\" alt=\"\" width=\"1000\" height=\"667\" srcset=\"https:\/\/lrm67.com\/wp-content\/uploads\/2024\/01\/Ilhabela-tem-Carnaval-em-Dobro-pelo-segundo-ano-consecutivo.jpg 1000w, https:\/\/lrm67.com\/wp-content\/uploads\/2024\/01\/Ilhabela-tem-Carnaval-em-Dobro-pelo-segundo-ano-consecutivo-300x200.jpg 300w, https:\/\/lrm67.com\/wp-content\/uploads\/2024\/01\/Ilhabela-tem-Carnaval-em-Dobro-pelo-segundo-ano-consecutivo-768x512.jpg 768w\" sizes=\"(max-width: 1000px) 100vw, 1000px\" \/><\/p>\n<p style=\"font-weight: 400;\">No s\u00e1bado (10\/2), a programa\u00e7\u00e3o tem in\u00edcio \u00e0s 14h, com o Banho da Dorot\u00e9ia na Pra\u00e7a do Portinho (circuito do Coreto ao P\u00eder), sul do arquip\u00e9lago. Logo depois, o DJ Kwest anima os foli\u00f5es,<\/p>\n<p style=\"font-weight: 400;\">Mais tarde, \u00e0s 22h, mais desfiles de blocos de embalo na Passarela do Samba (Bloco Fazendo Arte, Bloco do Barrerinha, Bloco 100 Futuro). O Baile de Rua, \u00e0s 13h, fica por conta do DJ Mariano.<\/p>\n<p style=\"font-weight: 400;\">No domingo (11\/2), repeteco do Banho da Doroteia, desta vez na Praia Grande, sul da ilha, \u00e0s 14h, que se divertir ao som da banda Merluazul. O Dj Phill vem na sequ\u00eancia, \u00e0s 15h30, animar os foli\u00f5es.<\/p>\n<p style=\"font-weight: 400;\">Na Vila, mais tarde, desfilam os blocos de embalo Globeleza, Piratas do Pitanga e Piratas do Portinho. Quem comanda o Baile de Rua nessa noite \u00e9 o DJ Japs.<\/p>\n<p style=\"font-weight: 400;\">Na segunda-feira (12\/2), o Banho da Dorot\u00e9ia acontece no Perequ\u00ea, \u00e0s 14h, ao som da Banda Maur\u00edcio Jara. O DJ Alex anima os foli\u00f5es em seguida, \u00e0s 15h30.<\/p>\n<p style=\"font-weight: 400;\">O Baile de Rua neste dia come\u00e7a mais cedo, \u00e0s 21h, com a Banda Mar\u00e9 Alta (21h30) e Don Dito (23h30). O DJ Star embala o Baile de Rua, a partir da 1h.<\/p>\n<p style=\"font-weight: 400;\">Na ter\u00e7a-feira de Carnaval (13\/2) o Banho da Dorot\u00e9ia ser\u00e1 na Vila, \u00e0s 14h. Ir\u00e3o ajudar a colorir o Centro Hist\u00f3rico: a Banda das Bonitas (14h), o Picol\u00e9 de Cacha\u00e7a (14h45), Velhos Marinheiros (15h30), P\u00e9 na Jaca (16h15), Tirando a Craca (17h) e DJ Negrito (17h45).<\/p>\n<p style=\"font-weight: 400;\">O \u00faltimo dia de Baile de Rua ser\u00e1 a partir das 21h, com o DJ Guilla.<\/p>\n<h2 style=\"font-weight: 400;\"><strong>Dose Dupla<\/strong><\/h2>\n<p style=\"font-weight: 400;\">No Carnaval de mar\u00e7o, as cinco Escolas de Samba ilhabelenses e os blocos disputar\u00e3o o t\u00edtulo de campe\u00f5es, cada um em sua categoria, entre os dias 8, 9 e 10 de mar\u00e7o na Vila, Centro Hist\u00f3rico da cidade.<\/p>\n<p style=\"font-weight: 400;\">Na sexta-feira (8\/3), o Carnaval ser\u00e1 reaberto oficialmente \u00e0s 20h30, com a entrega da chave da cidade pelo prefeito Toninho Colucci, na Passarela do Samba, na Vila.<\/p>\n<p style=\"font-weight: 400;\">\u00c0s 21h30 desfilam os blocos carnavalescos (22h \u2013 Bloco da Camisinha, 22h50 \u2013 Bloco Tim Malha, 23h40 \u2013 Bloco da Arma\u00e7\u00e3o, 0h30 \u2013 Bloco do Peque\u00e1, e 1h20 \u2013 Bloco do Morro). Ap\u00f3s as 2h, \u00e9 o DJ Mariano quem embala a folia.<\/p>\n<p style=\"font-weight: 400;\">O Desfile das Escolas de Samba est\u00e1 marcado para o s\u00e1bado (9\/3), a partir das 22h, na seguinte ordem 22h30 \u2013 \u00c1gua na Boca, 23h40 \u2013 Unidos de Padre Anchieta, 0h50 \u2013 Mocidade Independente, 2h \u2013 Le\u00f5es do Ita e 3h10 \u2013 Unidos do Garraf\u00e3o.<\/p>\n<p style=\"font-weight: 400;\">A apura\u00e7\u00e3o do desfile est\u00e1 prevista para as 12h de domingo (10\/3). As campe\u00e3s ir\u00e3o desfilar novamente mais tarde, a partir das 20h. \u00c0s 23h, DJ Aquino fecha o Carnaval em Dobro de Ilhabela.<\/p>\n<p style=\"font-weight: 400;\">Confira a programa\u00e7\u00e3o do CARNAVAL EM DOBRO!\u00a0<a href=\"http:\/\/www.ilhabela.sp.gov.br\/wp-content\/uploads\/2024\/01\/Programacao-Carnaval_2024.pdf\" data-saferedirecturl=\"https:\/\/www.google.com\/url?q=http:\/\/www.ilhabela.sp.gov.br\/wp-content\/uploads\/2024\/01\/Programacao-Carnaval_2024.pdf&amp;source=gmail&amp;ust=1706648035840000&amp;usg=AOvVaw2qgDzM39154zTK8A2Uwmib\">http:\/\/www.ilhabela.sp.gov.br\/wp-content\/uploads\/2024\/01\/Programacao-Carnaval_2024.pdf<\/a><\/p>\n","protected":false},"excerpt":{"rendered":"<p>Pelo segundo ano consecutivo, Ilhabela ter\u00e1 Carnaval em dobro. O evento ser\u00e1 realizado em fevereiro (de 9 a 13) e em mar\u00e7o (8 a 10), com uma programa\u00e7\u00e3o recheada, que inclui desfiles das Escolas de Samba, blocos de enredo e de embalo, carnaval de rua e o tradicional Banho da Dorot\u00e9ia. Nos bastidores da folia [&hellip;]<\/p>\n","protected":false},"author":26,"featured_media":23265,"comment_status":"open","ping_status":"open","sticky":false,"template":"","format":"standard","meta":{"footnotes":""},"categories":[30,12,3],"tags":[],"class_list":["post-23263","post","type-post","status-publish","format-standard","has-post-thumbnail","hentry","category-cultura","category-eventos","category-ilhabela"],"aioseo_notices":[],"_links":{"self":[{"href":"https:\/\/lrm67.com\/index.php\/wp-json\/wp\/v2\/posts\/23263","targetHints":{"allow":["GET"]}}],"collection":[{"href":"https:\/\/lrm67.com\/index.php\/wp-json\/wp\/v2\/posts"}],"about":[{"href":"https:\/\/lrm67.com\/index.php\/wp-json\/wp\/v2\/types\/post"}],"author":[{"embeddable":true,"href":"https:\/\/lrm67.com\/index.php\/wp-json\/wp\/v2\/users\/26"}],"replies":[{"embeddable":true,"href":"https:\/\/lrm67.com\/index.php\/wp-json\/wp\/v2\/comments?post=23263"}],"version-history":[{"count":1,"href":"https:\/\/lrm67.com\/index.php\/wp-json\/wp\/v2\/posts\/23263\/revisions"}],"predecessor-version":[{"id":23266,"href":"https:\/\/lrm67.com\/index.php\/wp-json\/wp\/v2\/posts\/23263\/revisions\/23266"}],"wp:featuredmedia":[{"embeddable":true,"href":"https:\/\/lrm67.com\/index.php\/wp-json\/wp\/v2\/media\/23265"}],"wp:attachment":[{"href":"https:\/\/lrm67.com\/index.php\/wp-json\/wp\/v2\/media?parent=23263"}],"wp:term":[{"taxonomy":"category","embeddable":true,"href":"https:\/\/lrm67.com\/index.php\/wp-json\/wp\/v2\/categories?post=23263"},{"taxonomy":"post_tag","embeddable":true,"href":"https:\/\/lrm67.com\/index.php\/wp-json\/wp\/v2\/tags?post=23263"}],"curies":[{"name":"wp","href":"https:\/\/api.w.org\/{rel}","templated":true}]}}