{"id":23260,"date":"2024-01-29T16:39:54","date_gmt":"2024-01-29T19:39:54","guid":{"rendered":"https:\/\/lrm67.com\/?p=23260"},"modified":"2024-01-29T18:04:52","modified_gmt":"2024-01-29T21:04:52","slug":"ietec-completa-um-ano-com-mais-de-490-alunos-formados","status":"publish","type":"post","link":"https:\/\/lrm67.com\/index.php\/2024\/01\/29\/ietec-completa-um-ano-com-mais-de-490-alunos-formados\/","title":{"rendered":"IETEC completa um ano com mais de 490 alunos formados"},"content":{"rendered":"<p style=\"font-weight: 400;\">No dia 31 de janeiro de 2023, a Ilhabela Escola T\u00e9cnica (IETEC) era inaugurada na Barra Velha, com a promessa de formar moradores da cidade para o mercado de trabalho, principalmente nas fun\u00e7\u00f5es mais demandadas pelo setor tur\u00edstico. Quase um ano depois, 492 alunos j\u00e1 passaram pela institui\u00e7\u00e3o e agora est\u00e3o melhor preparados para o mercado de trabalho.<\/p>\n<p style=\"font-weight: 400;\">A IETEC tamb\u00e9m ampliou o n\u00famero de cursos oferecidos, diversificando as op\u00e7\u00f5es para melhor atender as demandas da economia ilhabelense e das diferentes voca\u00e7\u00f5es individuais dos alunos. O foco do ensino profissionalizante permanece sendo nas \u00e1reas de gastronomia, n\u00e1utica e hotelaria, al\u00e9m da amplia\u00e7\u00e3o da oferta para diversas \u00e1reas, como tecnologia e constru\u00e7\u00e3o civil.<\/p>\n<p style=\"font-weight: 400;\">A institui\u00e7\u00e3o atende alunos do Ensino Fundamental II e Ensino M\u00e9dio em aulas experimentais, complementando a teoria com aulas pr\u00e1ticas no Laborat\u00f3rio de Ci\u00eancias e de tecnologia no Laborat\u00f3rio de Inform\u00e1tica.<\/p>\n<p style=\"font-weight: 400;\">Na \u00e1rea tecnol\u00f3gica, em parceria com o Instituto Joga Junto, foi oferecida, em 2023, a forma\u00e7\u00e3o em Quality Assurance (Q.A) para analista de qualidade, uma profiss\u00e3o com grande demanda no mercado e diversas oportunidades no modelo home office.<\/p>\n<p style=\"font-weight: 400;\">O aluno Danilo Nascimento da Silva foi um dos beneficiados pelo curso e conta que um dos diferenciais foi a r\u00e1pida resolu\u00e7\u00e3o dos problemas e aten\u00e7\u00e3o aos alunos. \u201cA estrutura por tr\u00e1s do curso foi boa, com os professores sempre presentes para solucionar alguma dificuldade. Verificamos, por exemplo, que precis\u00e1vamos de headphones para acompanhar as aulas e no dia seguinte j\u00e1 tinha o equipamento para todos. Em um dos dias choveu muito e nem todos puderam estar presencialmente. Nesse dia a aula foi remota, isso demonstra a aten\u00e7\u00e3o a n\u00f3s, os alunos\u201d, destacou.<\/p>\n<h2 style=\"font-weight: 400;\"><strong>Light Stell Frame<\/strong><\/h2>\n<p style=\"font-weight: 400;\">Na \u00e1rea da constru\u00e7\u00e3o civil, em parceria com o Grupo + Engenharia e Projetos, a institui\u00e7\u00e3o est\u00e1 com per\u00edodo de pr\u00e9-inscri\u00e7\u00f5es abertas para o curso presencial de Introdu\u00e7\u00e3o ao M\u00e9todo Construtivo Light Steel Frame e Montagem B\u00e1sica, que prossegue at\u00e9 o dia 9 de fevereiro.<\/p>\n<p style=\"font-weight: 400;\">Podem participar do curso profissionais de constru\u00e7\u00e3o civil, montadores de drywall, empreiteiros, pequenas empresas de drywall, funcion\u00e1rios de construtoras, arquitetos, engenheiros e pessoas que tenham interesse em aprender o m\u00e9todo. Al\u00e9m disso, \u00e9 necess\u00e1rio ter a idade m\u00ednima de 18 anos, ter ensino fundamental completo e residir em Ilhabela.<\/p>\n<p style=\"font-weight: 400;\">Foram disponibilizadas 20 vagas e para se inscrever basta acessar o link\u00a0<a href=\"https:\/\/bit.ly\/3NZLIhB\" data-saferedirecturl=\"https:\/\/www.google.com\/url?q=https:\/\/bit.ly\/3NZLIhB&amp;source=gmail&amp;ust=1706643152195000&amp;usg=AOvVaw25EjuQPYus5cMz8UJRTQcs\">https:\/\/bit.ly\/3NZLIhB<\/a>.. O curso ser\u00e1 realizado nos dias 19, 20 e 21 de fevereiro, das 8h30 \u00e0s 18h, com hor\u00e1rio de almo\u00e7o das 12h \u00e0s 13h30.<\/p>\n<h2 style=\"font-weight: 400;\"><strong>Novas oportunidades em 2024<\/strong><\/h2>\n<p style=\"font-weight: 400;\">Para o ano de 2024, a IETEC j\u00e1 tem programa\u00e7\u00e3o para oferecer 14 cursos em diferentes \u00e1reas. A divulga\u00e7\u00e3o do per\u00edodo de inscri\u00e7\u00e3o e as datas dos cursos s\u00e3o publicados sempre no site da prefeitura de Ilhabela\u00a0<a href=\"http:\/\/www.ilhabela.sp.gov.br\/\" data-saferedirecturl=\"https:\/\/www.google.com\/url?q=http:\/\/www.ilhabela.sp.gov.br&amp;source=gmail&amp;ust=1706643152195000&amp;usg=AOvVaw0PyFzegVYm4-fJ0jYh-1sr\">www.ilhabela.sp.gov.br<\/a>, no t\u00f3pico not\u00edcias.<\/p>\n<p style=\"font-weight: 400;\">Atualmente, al\u00e9m da Introdu\u00e7\u00e3o ao M\u00e9todo Construtivo Light Steel Frame e Montagem B\u00e1sica, a IETEC est\u00e1 com inscri\u00e7\u00f5es abertas para pr\u00e9-inscri\u00e7\u00f5es no curso de Recepcionista em Meios de Hospedagem.<\/p>\n<p style=\"font-weight: 400;\">Para participar \u00e9 necess\u00e1rio ter a idade m\u00ednima de 16 anos, ter ensino fundamental completo ou estar cursando o ensino m\u00e9dio, al\u00e9m de residir em Ilhabela. S\u00e3o disponibilizadas 20 vagas e para se inscrever basta acessar o link\u00a0<a href=\"http:\/\/tinyurl.com\/4y3a9t8d\" data-saferedirecturl=\"https:\/\/www.google.com\/url?q=http:\/\/tinyurl.com\/4y3a9t8d&amp;source=gmail&amp;ust=1706643152195000&amp;usg=AOvVaw3KZ0XE7DEDToLty6YfgQol\">http:\/\/tinyurl.com\/4y3a9t8d<\/a>. As pr\u00e9-inscri\u00e7\u00f5es iniciam dia 22 de janeiro e ficam abertas at\u00e9 o dia 15 de fevereiro.<\/p>\n<h2 style=\"font-weight: 400;\"><strong>Confira os cursos que ser\u00e3o oferecidos neste ano:<\/strong><\/h2>\n<ul style=\"font-weight: 400;\">\n<li>Bartender \u2013 40 horas<\/li>\n<li>T\u00e9cnico em Hospedagem \u2013 800 horas<\/li>\n<li>Recepcionista em meios de hospedagem \u2013 160h<\/li>\n<li>Forma\u00e7\u00e3o b\u00e1sica em confeitaria \u2013 48h<\/li>\n<li>Forma\u00e7\u00e3o b\u00e1sica em gar\u00e7om \u2013 40h<\/li>\n<li>Pr\u00e1ticas Administrativas \u2013 30h<\/li>\n<li>Preparo de sushi \u2013 36h<\/li>\n<li>Doceiro \u2013 160h<\/li>\n<li>Inform\u00e1tica b\u00e1sica \u2013 80h<\/li>\n<li>Camareira \u2013 160h<\/li>\n<li>Forma\u00e7\u00e3o b\u00e1sica em Gastronomia \u2013 96h<\/li>\n<li>T\u00e9cnico em Gastronomia \u2013 800h<\/li>\n<li>T\u00e9cnico em Nutri\u00e7\u00e3o e Diet\u00e9tica \u2013 1.200h<\/li>\n<li>T\u00e9cnico em Hospedagem \u2013 800h<\/li>\n<\/ul>\n","protected":false},"excerpt":{"rendered":"<p>No dia 31 de janeiro de 2023, a Ilhabela Escola T\u00e9cnica (IETEC) era inaugurada na Barra Velha, com a promessa de formar moradores da cidade para o mercado de trabalho, principalmente nas fun\u00e7\u00f5es mais demandadas pelo setor tur\u00edstico. Quase um ano depois, 492 alunos j\u00e1 passaram pela institui\u00e7\u00e3o e agora est\u00e3o melhor preparados para o [&hellip;]<\/p>\n","protected":false},"author":26,"featured_media":23261,"comment_status":"open","ping_status":"open","sticky":false,"template":"","format":"standard","meta":{"footnotes":""},"categories":[19,2,3],"tags":[],"class_list":["post-23260","post","type-post","status-publish","format-standard","has-post-thumbnail","hentry","category-educacao","category-geral","category-ilhabela"],"aioseo_notices":[],"_links":{"self":[{"href":"https:\/\/lrm67.com\/index.php\/wp-json\/wp\/v2\/posts\/23260","targetHints":{"allow":["GET"]}}],"collection":[{"href":"https:\/\/lrm67.com\/index.php\/wp-json\/wp\/v2\/posts"}],"about":[{"href":"https:\/\/lrm67.com\/index.php\/wp-json\/wp\/v2\/types\/post"}],"author":[{"embeddable":true,"href":"https:\/\/lrm67.com\/index.php\/wp-json\/wp\/v2\/users\/26"}],"replies":[{"embeddable":true,"href":"https:\/\/lrm67.com\/index.php\/wp-json\/wp\/v2\/comments?post=23260"}],"version-history":[{"count":1,"href":"https:\/\/lrm67.com\/index.php\/wp-json\/wp\/v2\/posts\/23260\/revisions"}],"predecessor-version":[{"id":23262,"href":"https:\/\/lrm67.com\/index.php\/wp-json\/wp\/v2\/posts\/23260\/revisions\/23262"}],"wp:featuredmedia":[{"embeddable":true,"href":"https:\/\/lrm67.com\/index.php\/wp-json\/wp\/v2\/media\/23261"}],"wp:attachment":[{"href":"https:\/\/lrm67.com\/index.php\/wp-json\/wp\/v2\/media?parent=23260"}],"wp:term":[{"taxonomy":"category","embeddable":true,"href":"https:\/\/lrm67.com\/index.php\/wp-json\/wp\/v2\/categories?post=23260"},{"taxonomy":"post_tag","embeddable":true,"href":"https:\/\/lrm67.com\/index.php\/wp-json\/wp\/v2\/tags?post=23260"}],"curies":[{"name":"wp","href":"https:\/\/api.w.org\/{rel}","templated":true}]}}