{"id":23245,"date":"2024-01-29T08:31:59","date_gmt":"2024-01-29T11:31:59","guid":{"rendered":"https:\/\/lrm67.com\/?p=23245"},"modified":"2024-01-29T08:32:33","modified_gmt":"2024-01-29T11:32:33","slug":"comecou-o-periodo-do-defeso-do-camarao-nas-praias-paulistas","status":"publish","type":"post","link":"https:\/\/lrm67.com\/index.php\/2024\/01\/29\/comecou-o-periodo-do-defeso-do-camarao-nas-praias-paulistas\/","title":{"rendered":"Come\u00e7ou o per\u00edodo do defeso do Camar\u00e3o nas praias paulistas"},"content":{"rendered":"<p>Marcello Ver\u00edssimo<\/p>\n<p>Come\u00e7ou neste domingo (28) o per\u00edodo do defeso do camar\u00e3o. At\u00e9 o dia 30 de abril, os pescadores devem ficar atentos e evitar a pesca do crust\u00e1ceo.<\/p>\n<p>O defeso \u00e9 o per\u00edodo em que a pesca do crust\u00e1ceo fica proibida para a sua reprodu\u00e7\u00e3o.<\/p>\n<p>De acordo com as autoridades, durante o defeso fica proibida a pesca de arrasto com tra\u00e7\u00e3o motorizada dos camar\u00f5es rosa, sete-barbas, branco, Santana ou vermelho e barba-ru\u00e7a.<\/p>\n<p>Entre 28 de janeiro e 30 de abril, o defeso \u00e9 v\u00e1lido para os estados do Sul, Rio de Janeiro e S\u00e3o Paulo, conforme estabelecido pela Portaria SAP\/MAPA n\u00ba 656, de 30 de mar\u00e7o de 2022.<\/p>\n<p>De acordo com a Secretaria de Pesca e Agricultura, os pescadores de camar\u00e3o devem preencher a<\/p>\n<p>Declara\u00e7\u00e3o de Estoque de Camar\u00f5es at\u00e9 o pr\u00f3ximo dia 2 de fevereiro, ou seja, o 5\u00ba dia \u00fatil do in\u00edcio do per\u00edodo de defeso, que est\u00e1 dispon\u00edvel no site do Minist\u00e9rio da Agricultura, Pecu\u00e1ria e Abastecimento. A declara\u00e7\u00e3o est\u00e1 dispon\u00edvel no link https:\/\/www.gov.br\/agricultura\/pt-br\/assuntos\/aquicultura-e-pesca\/declaracoes-de-estoque.<\/p>\n<p>O defeso \u00e9 o pedido que protege reprodu\u00e7\u00e3o garantindo a sustentabilidade das produ\u00e7\u00f5es de camar\u00e3o. De acordo com o Minist\u00e9rio, o defeso do camar\u00e3o tamb\u00e9m preserva o equil\u00edbrio dos ecossistemas marinhos, al\u00e9m de assegurar a continuidade da atividade pesqueira a longo prazo.<\/p>\n<h2>Lei<\/h2>\n<p>Durante o per\u00edodo do defeso quem for flagrado desrespeitando a lei pode ser processado por crime ambiental al\u00e9m de ser multado e ter seus equipamentos de pesca apreendidos. A multa varia de acordo com a quantidade de camar\u00e3o.<\/p>\n<p>De acordo com o Minist\u00e9rio da Pesca, durante o defeso somente fica permitida a pesca do camar\u00e3o-branco, desde que n\u00e3o seja por arrasto com tra\u00e7\u00e3o motorizada.<\/p>\n<p>O Ibama (Instituto Brasileiro do Meio Ambiente e dos Recursos Naturais Renov\u00e1veis), em parceria com a Pol\u00edcia Ambiental, informou que durante o per\u00edodo de defeso intensifica a fiscaliza\u00e7\u00e3o no mar para inibir a pesca irregular e, em terra, a inspe\u00e7\u00e3o de pontos de venda.<\/p>\n","protected":false},"excerpt":{"rendered":"<p>Marcello Ver\u00edssimo Come\u00e7ou neste domingo (28) o per\u00edodo do defeso do camar\u00e3o. At\u00e9 o dia 30 de abril, os pescadores devem ficar atentos e evitar a pesca do crust\u00e1ceo. O defeso \u00e9 o per\u00edodo em que a pesca do crust\u00e1ceo fica proibida para a sua reprodu\u00e7\u00e3o. De acordo com as autoridades, durante o defeso fica [&hellip;]<\/p>\n","protected":false},"author":28,"featured_media":23246,"comment_status":"open","ping_status":"open","sticky":false,"template":"","format":"standard","meta":{"footnotes":""},"categories":[2,60],"tags":[],"class_list":["post-23245","post","type-post","status-publish","format-standard","has-post-thumbnail","hentry","category-geral","category-sao-paulo"],"aioseo_notices":[],"_links":{"self":[{"href":"https:\/\/lrm67.com\/index.php\/wp-json\/wp\/v2\/posts\/23245","targetHints":{"allow":["GET"]}}],"collection":[{"href":"https:\/\/lrm67.com\/index.php\/wp-json\/wp\/v2\/posts"}],"about":[{"href":"https:\/\/lrm67.com\/index.php\/wp-json\/wp\/v2\/types\/post"}],"author":[{"embeddable":true,"href":"https:\/\/lrm67.com\/index.php\/wp-json\/wp\/v2\/users\/28"}],"replies":[{"embeddable":true,"href":"https:\/\/lrm67.com\/index.php\/wp-json\/wp\/v2\/comments?post=23245"}],"version-history":[{"count":1,"href":"https:\/\/lrm67.com\/index.php\/wp-json\/wp\/v2\/posts\/23245\/revisions"}],"predecessor-version":[{"id":23247,"href":"https:\/\/lrm67.com\/index.php\/wp-json\/wp\/v2\/posts\/23245\/revisions\/23247"}],"wp:featuredmedia":[{"embeddable":true,"href":"https:\/\/lrm67.com\/index.php\/wp-json\/wp\/v2\/media\/23246"}],"wp:attachment":[{"href":"https:\/\/lrm67.com\/index.php\/wp-json\/wp\/v2\/media?parent=23245"}],"wp:term":[{"taxonomy":"category","embeddable":true,"href":"https:\/\/lrm67.com\/index.php\/wp-json\/wp\/v2\/categories?post=23245"},{"taxonomy":"post_tag","embeddable":true,"href":"https:\/\/lrm67.com\/index.php\/wp-json\/wp\/v2\/tags?post=23245"}],"curies":[{"name":"wp","href":"https:\/\/api.w.org\/{rel}","templated":true}]}}