{"id":23232,"date":"2024-01-29T08:23:40","date_gmt":"2024-01-29T11:23:40","guid":{"rendered":"https:\/\/lrm67.com\/?p=23232"},"modified":"2024-01-29T08:23:40","modified_gmt":"2024-01-29T11:23:40","slug":"lotada-praia-do-arrastao-e-a-primeira-praia-sentido-costa-sul-de-s-s","status":"publish","type":"post","link":"https:\/\/lrm67.com\/index.php\/2024\/01\/29\/lotada-praia-do-arrastao-e-a-primeira-praia-sentido-costa-sul-de-s-s\/","title":{"rendered":"Lotada, Praia do Arrast\u00e3o \u00e9 a \u201cprimeira\u201d praia sentido Costa Sul de S.S"},"content":{"rendered":"<p>Marcello Ver\u00edssimo<\/p>\n<p>Um patrim\u00f4nio de S\u00e3o Sebasti\u00e3o \u00e9 palco de importantes acontecimentos. Essa \u00e9 a praia do Arrast\u00e3o, na regi\u00e3o central do munic\u00edpio, que \u00e9 um o\u00e1sis de tranquilidade para as dezenas de fam\u00edlias que a visitam o ano todo, mas principalmente nas f\u00e9rias de ver\u00e3o.<\/p>\n<p>Em frente ao bairro residencial e a movimentada rodovia, basta caminhar pela faixa de areia para perceber que os frequentadores est\u00e3o ali para descansar e recarregar a energia.<\/p>\n<p><img fetchpriority=\"high\" decoding=\"async\" class=\"aligncenter size-full wp-image-23233\" src=\"https:\/\/lrm67.com\/wp-content\/uploads\/2024\/01\/1DF4FD59-8B1E-4EC0-8CD9-81FC65BAF726.jpeg\" alt=\"\" width=\"1200\" height=\"1600\" srcset=\"https:\/\/lrm67.com\/wp-content\/uploads\/2024\/01\/1DF4FD59-8B1E-4EC0-8CD9-81FC65BAF726.jpeg 1200w, https:\/\/lrm67.com\/wp-content\/uploads\/2024\/01\/1DF4FD59-8B1E-4EC0-8CD9-81FC65BAF726-225x300.jpeg 225w, https:\/\/lrm67.com\/wp-content\/uploads\/2024\/01\/1DF4FD59-8B1E-4EC0-8CD9-81FC65BAF726-768x1024.jpeg 768w, https:\/\/lrm67.com\/wp-content\/uploads\/2024\/01\/1DF4FD59-8B1E-4EC0-8CD9-81FC65BAF726-1152x1536.jpeg 1152w\" sizes=\"(max-width: 1200px) 100vw, 1200px\" \/><\/p>\n<p>A praia possui uma extensa faixa de areia e, apesar de pequena, \u00e9 considerada acolhedora, com mar calmo e bastante indicada, principalmente, para as crian\u00e7as.<\/p>\n<p>A praia \u00e9 bastante conhecida por receber os desfiles do Carnamar, durante o Carnaval, e a queima de fogos do R\u00e9veillon.<\/p>\n<p>A praia do Arrast\u00e3o tamb\u00e9m se destaca pela voca\u00e7\u00e3o esportiva, n\u00e3o faltam op\u00e7\u00f5es desde os esportes n\u00e1uticos, at\u00e9 coletivos como o v\u00f4lei. \u201c\u00c9 uma praia \u00f3tima para vir com as crian\u00e7as, n\u00e3o tem onda e nem correnteza e \u00e9 bem familiar\u201d, disse a turista de S\u00e3o Paulo, Liliane Borges.<\/p>\n<p>Por ser bem localizada e de f\u00e1cil acesso, na regi\u00e3o central, \u00e9 poss\u00edvel chegar a p\u00e9, de carro, moto, \u00f4nibus e bicicleta.<\/p>\n","protected":false},"excerpt":{"rendered":"<p>Marcello Ver\u00edssimo Um patrim\u00f4nio de S\u00e3o Sebasti\u00e3o \u00e9 palco de importantes acontecimentos. Essa \u00e9 a praia do Arrast\u00e3o, na regi\u00e3o central do munic\u00edpio, que \u00e9 um o\u00e1sis de tranquilidade para as dezenas de fam\u00edlias que a visitam o ano todo, mas principalmente nas f\u00e9rias de ver\u00e3o. Em frente ao bairro residencial e a movimentada rodovia, [&hellip;]<\/p>\n","protected":false},"author":28,"featured_media":23234,"comment_status":"open","ping_status":"open","sticky":false,"template":"","format":"standard","meta":{"footnotes":""},"categories":[2,13],"tags":[],"class_list":["post-23232","post","type-post","status-publish","format-standard","has-post-thumbnail","hentry","category-geral","category-sao-sebastiao"],"aioseo_notices":[],"_links":{"self":[{"href":"https:\/\/lrm67.com\/index.php\/wp-json\/wp\/v2\/posts\/23232","targetHints":{"allow":["GET"]}}],"collection":[{"href":"https:\/\/lrm67.com\/index.php\/wp-json\/wp\/v2\/posts"}],"about":[{"href":"https:\/\/lrm67.com\/index.php\/wp-json\/wp\/v2\/types\/post"}],"author":[{"embeddable":true,"href":"https:\/\/lrm67.com\/index.php\/wp-json\/wp\/v2\/users\/28"}],"replies":[{"embeddable":true,"href":"https:\/\/lrm67.com\/index.php\/wp-json\/wp\/v2\/comments?post=23232"}],"version-history":[{"count":1,"href":"https:\/\/lrm67.com\/index.php\/wp-json\/wp\/v2\/posts\/23232\/revisions"}],"predecessor-version":[{"id":23235,"href":"https:\/\/lrm67.com\/index.php\/wp-json\/wp\/v2\/posts\/23232\/revisions\/23235"}],"wp:featuredmedia":[{"embeddable":true,"href":"https:\/\/lrm67.com\/index.php\/wp-json\/wp\/v2\/media\/23234"}],"wp:attachment":[{"href":"https:\/\/lrm67.com\/index.php\/wp-json\/wp\/v2\/media?parent=23232"}],"wp:term":[{"taxonomy":"category","embeddable":true,"href":"https:\/\/lrm67.com\/index.php\/wp-json\/wp\/v2\/categories?post=23232"},{"taxonomy":"post_tag","embeddable":true,"href":"https:\/\/lrm67.com\/index.php\/wp-json\/wp\/v2\/tags?post=23232"}],"curies":[{"name":"wp","href":"https:\/\/api.w.org\/{rel}","templated":true}]}}