{"id":23226,"date":"2024-01-29T08:19:07","date_gmt":"2024-01-29T11:19:07","guid":{"rendered":"https:\/\/lrm67.com\/?p=23226"},"modified":"2024-01-29T08:19:07","modified_gmt":"2024-01-29T11:19:07","slug":"familia-reconhece-corpo-no-iml-de-angra-dos-reis-como-da-jovem-que-se-afogou-em-ubatuba","status":"publish","type":"post","link":"https:\/\/lrm67.com\/index.php\/2024\/01\/29\/familia-reconhece-corpo-no-iml-de-angra-dos-reis-como-da-jovem-que-se-afogou-em-ubatuba\/","title":{"rendered":"Fam\u00edlia reconhece corpo no IML de Angra dos Reis como da jovem que se afogou em Ubatuba"},"content":{"rendered":"<p>Marcello Ver\u00edssimo<\/p>\n<p>A fam\u00edlia da jovem Sabrina Silva Soares chegou neste domingo (28) a Angra dos Reis, no litoral fluminense, para reconhecer o corpo que foi localizado na praia de Trindade, na manh\u00e3 do \u00faltimo s\u00e1bado (27). A suspeita \u00e9 que seja o corpo da menina que ainda estava desaparecida desde que desapareceu na Praia de Puruba, regi\u00e3o norte de Ubatuba, na semana passada.<\/p>\n<p>O corpo est\u00e1 no IML (Instituto M\u00e9dico Legal) de Angra dos Reis, onde a fam\u00edlia confirmou se tratar do corpo da jovem.<\/p>\n<p>O GBMar (Grupamento de Bombeiros Mar\u00edtimos), em Ubatuba, informou que banhistas que estavam na praia de Trindade, em Paraty, encontraram um corpo boiando no mar na manh\u00e3 deste s\u00e1bado (27).<\/p>\n<p>De acordo com os bombeiros mar\u00edtimos, as caracter\u00edsticas correspondem a jovem de 20 anos que se afogou na ter\u00e7a-feira passada junto com uma amiga na Praia de Puruba, em Ubatuba.<\/p>\n<p>O corpo da amiga j\u00e1 havia sido encontrado dois dias depois na Praia do L\u00e9o, tamb\u00e9m em Ubatuba.<\/p>\n","protected":false},"excerpt":{"rendered":"<p>Marcello Ver\u00edssimo A fam\u00edlia da jovem Sabrina Silva Soares chegou neste domingo (28) a Angra dos Reis, no litoral fluminense, para reconhecer o corpo que foi localizado na praia de Trindade, na manh\u00e3 do \u00faltimo s\u00e1bado (27). A suspeita \u00e9 que seja o corpo da menina que ainda estava desaparecida desde que desapareceu na Praia [&hellip;]<\/p>\n","protected":false},"author":28,"featured_media":23227,"comment_status":"open","ping_status":"open","sticky":false,"template":"","format":"standard","meta":{"footnotes":""},"categories":[15,14],"tags":[],"class_list":["post-23226","post","type-post","status-publish","format-standard","has-post-thumbnail","hentry","category-policia","category-ubatuba"],"aioseo_notices":[],"_links":{"self":[{"href":"https:\/\/lrm67.com\/index.php\/wp-json\/wp\/v2\/posts\/23226","targetHints":{"allow":["GET"]}}],"collection":[{"href":"https:\/\/lrm67.com\/index.php\/wp-json\/wp\/v2\/posts"}],"about":[{"href":"https:\/\/lrm67.com\/index.php\/wp-json\/wp\/v2\/types\/post"}],"author":[{"embeddable":true,"href":"https:\/\/lrm67.com\/index.php\/wp-json\/wp\/v2\/users\/28"}],"replies":[{"embeddable":true,"href":"https:\/\/lrm67.com\/index.php\/wp-json\/wp\/v2\/comments?post=23226"}],"version-history":[{"count":1,"href":"https:\/\/lrm67.com\/index.php\/wp-json\/wp\/v2\/posts\/23226\/revisions"}],"predecessor-version":[{"id":23228,"href":"https:\/\/lrm67.com\/index.php\/wp-json\/wp\/v2\/posts\/23226\/revisions\/23228"}],"wp:featuredmedia":[{"embeddable":true,"href":"https:\/\/lrm67.com\/index.php\/wp-json\/wp\/v2\/media\/23227"}],"wp:attachment":[{"href":"https:\/\/lrm67.com\/index.php\/wp-json\/wp\/v2\/media?parent=23226"}],"wp:term":[{"taxonomy":"category","embeddable":true,"href":"https:\/\/lrm67.com\/index.php\/wp-json\/wp\/v2\/categories?post=23226"},{"taxonomy":"post_tag","embeddable":true,"href":"https:\/\/lrm67.com\/index.php\/wp-json\/wp\/v2\/tags?post=23226"}],"curies":[{"name":"wp","href":"https:\/\/api.w.org\/{rel}","templated":true}]}}