{"id":23219,"date":"2024-01-27T10:28:30","date_gmt":"2024-01-27T13:28:30","guid":{"rendered":"https:\/\/lrm67.com\/?p=23219"},"modified":"2024-01-27T10:28:30","modified_gmt":"2024-01-27T13:28:30","slug":"provas-para-concurso-publico-da-policia-municipal-de-sao-sebastiao-estao-mantidas-no-domingo","status":"publish","type":"post","link":"https:\/\/lrm67.com\/index.php\/2024\/01\/27\/provas-para-concurso-publico-da-policia-municipal-de-sao-sebastiao-estao-mantidas-no-domingo\/","title":{"rendered":"Provas para concurso p\u00fablico da Pol\u00edcia Municipal de S\u00e3o Sebasti\u00e3o est\u00e3o mantidas no domingo"},"content":{"rendered":"<p><span style=\"color: #000000; font-family: arial, sans-serif;\">A Prefeitura de S\u00e3o Sebasti\u00e3o, por meio da Secretaria de Seguran\u00e7a Urbana (SEGUR), informou que as provas do Concurso P\u00fablico n\u00ba 01\/2023, previamente agendadas para ocorrer neste domingo (28\/1), est\u00e3o mantidas conforme estabelecido em edital.<\/span><\/p>\n<p><span style=\"color: #000000; font-family: arial, sans-serif;\">O certame tem 3.829 inscritos e \u00e9 destinado ao preenchimento de 50 vagas de Pol\u00edcia Municipal. As provas ocorrer\u00e3o em 12 unidades escolares municipais e estaduais. A abertura dos port\u00f5es ser\u00e1 \u00e0s 8h e o fechamento \u00e0s 8h30, quando ter\u00e1 in\u00edcio a aplica\u00e7\u00e3o da prova objetiva.<\/span><\/p>\n<p><span style=\"color: #000000; font-family: arial, sans-serif;\">O governo municipal refor\u00e7a aos candidatos a garantia de que todas as medidas necess\u00e1rias foram adotadas para assegurar que a realiza\u00e7\u00e3o das provas ocorra em ambientes totalmente seguros.<\/span><\/p>\n<p><span style=\"color: #000000; font-family: arial, sans-serif;\">Os candidatos foram divididos conforme as iniciais dos seus nomes. Confira os nomes e os locais da prova no link\u00a0<a href=\"https:\/\/www.saosebastiao.sp.gov.br\/sistemas\/procseletivo\/files.asp?Doc=1.2023.1&amp;Mod=1\" target=\"_blank\" rel=\"noopener\" data-saferedirecturl=\"https:\/\/www.google.com\/url?q=https:\/\/www.saosebastiao.sp.gov.br\/sistemas\/procseletivo\/files.asp?Doc%3D1.2023.1%26Mod%3D1&amp;source=gmail&amp;ust=1706448118763000&amp;usg=AOvVaw1cO_02RyH_Xt5oZryijnr3\">www.saosebastiao.sp.gov.<wbr \/>br\/sistemas\/procseletivo\/<wbr \/>files.asp?Doc=1.2023.1&amp;Mod=1<\/a>.<\/span><\/p>\n<p><span style=\"color: #000000; font-family: arial, sans-serif;\">A orienta\u00e7\u00e3o \u00e9 que os candidatos verifiquem os locais com anteced\u00eancia, a disponibilidade de estacionamento e vagas nas imedia\u00e7\u00f5es, as op\u00e7\u00f5es de transporte p\u00fablico, bem como as rotas e tempo de deslocamento.<\/span><\/p>\n<p><span style=\"color: #000000; font-family: arial, sans-serif;\">Conforme o cronograma feito pelo do Instituto Brasileiro de Administra\u00e7\u00e3o Municipal (IBAM), respons\u00e1vel pela organiza\u00e7\u00e3o do concurso, a divulga\u00e7\u00e3o do gabarito ser\u00e1 no dia 30 de janeiro. Os recursos devem ser registrados no dia 31 de janeiro e 1\u00ba de fevereiro.<\/span><\/p>\n<p><span style=\"color: #000000; font-family: arial, sans-serif;\">Os resultados dos recursos e notas das provas objetivas saem no dia 16 de fevereiro. J\u00e1 os recursos contras as notas devem ser feitos nos dias 19 e 20 de fevereiro.<\/span><\/p>\n<p><span style=\"color: #000000; font-family: arial, sans-serif;\">Os resultados dos aprovados nas provas objetivas, bem como a convoca\u00e7\u00e3o para o Teste de Aptid\u00e3o F\u00edsica (TAF), saem no dia 23 de fevereiro.<\/span><\/p>\n<h2><strong><span style=\"color: #000000; font-family: arial, sans-serif;\">Orienta\u00e7\u00e3o<\/span><\/strong><\/h2>\n<p><span style=\"color: #000000; font-family: arial, sans-serif;\">O candidato que se apresentar ap\u00f3s o hor\u00e1rio determinado pelo Edital de Convoca\u00e7\u00e3o para fechamento dos port\u00f5es ser\u00e1 automaticamente exclu\u00eddo do Certame, seja qual for o motivo alegado para seu atraso.<\/span><\/p>\n<p><span style=\"color: #000000; font-family: arial, sans-serif;\">O candidato deve levar documento original de identidade e dentro do prazo de validade que bem o identifique, entre eles, RG Carteira Expedida por \u00d3rg\u00e3o ou Conselho de Classe; Certificado de Reservista; Carteira de Trabalho e Previd\u00eancia Social, bem como Carteira Nacional de Habilita\u00e7\u00e3o com foto ou Passaporte. No caso de documento digital somente ser\u00e1 admitido o candidato que apresentar a CNH e\/ou RG por aplicativos oficiais em smartphone.<\/span><\/p>\n<p><span style=\"color: #000000; font-family: arial, sans-serif;\">O candidato dever\u00e1 comparecer ao local designado munido de caneta esferogr\u00e1fica de tinta preta ou azul, l\u00e1pis preto e borracha.<\/span><\/p>\n<p><span style=\"color: #000000; font-family: arial, sans-serif;\">Durante a realiza\u00e7\u00e3o das provas, n\u00e3o ser\u00e1 permitida nenhuma esp\u00e9cie de consulta ou comunica\u00e7\u00e3o entre os candidatos, nem a utiliza\u00e7\u00e3o de livros, c\u00f3digos, manuais, impressos ou quaisquer anota\u00e7\u00f5es.<\/span><\/p>\n<p><span style=\"color: #000000; font-family: arial, sans-serif;\">As provas objetivas ter\u00e3o dura\u00e7\u00e3o de tr\u00eas horas (incluindo o tempo para preenchimento da folha de respostas).<\/span><\/p>\n<p><span style=\"color: #000000; font-family: arial, sans-serif;\">Somente ap\u00f3s decorrido o tempo de uma hora e meia de in\u00edcio das provas, o candidato poder\u00e1 deixar definitivamente a sala de aplica\u00e7\u00e3o e levar consigo o Caderno de Quest\u00f5es da Prova Objetiva.<\/span><\/p>\n<p><span style=\"color: #000000; font-family: arial, sans-serif;\">O candidato poder\u00e1 informar-se quanto \u00e0 sala onde realizar\u00e1 sua prova atrav\u00e9s das listas que ser\u00e3o afixadas nos locais de aplica\u00e7\u00e3o das provas ou atrav\u00e9s do site no link abaixo:\u00a0<a href=\"http:\/\/www.ibamsp-concursos.org.br\/site\/concursos\/areadocandidato\/771\" target=\"_blank\" rel=\"noopener\" data-saferedirecturl=\"https:\/\/www.google.com\/url?q=http:\/\/www.ibamsp-concursos.org.br\/site\/concursos\/areadocandidato\/771&amp;source=gmail&amp;ust=1706448118763000&amp;usg=AOvVaw14RpKNY9vu1_yjBNdF5WE1\">http:\/\/www.ibamsp-concursos.<wbr \/>org.br\/site\/concursos\/<wbr \/>areadocandidato\/771<\/a>.<\/span><\/p>\n","protected":false},"excerpt":{"rendered":"<p>A Prefeitura de S\u00e3o Sebasti\u00e3o, por meio da Secretaria de Seguran\u00e7a Urbana (SEGUR), informou que as provas do Concurso P\u00fablico n\u00ba 01\/2023, previamente agendadas para ocorrer neste domingo (28\/1), est\u00e3o mantidas conforme estabelecido em edital. O certame tem 3.829 inscritos e \u00e9 destinado ao preenchimento de 50 vagas de Pol\u00edcia Municipal. As provas ocorrer\u00e3o em [&hellip;]<\/p>\n","protected":false},"author":26,"featured_media":23221,"comment_status":"open","ping_status":"open","sticky":false,"template":"","format":"standard","meta":{"footnotes":""},"categories":[7,49,2,13],"tags":[],"class_list":["post-23219","post","type-post","status-publish","format-standard","has-post-thumbnail","hentry","category-destaque","category-emprego","category-geral","category-sao-sebastiao"],"aioseo_notices":[],"_links":{"self":[{"href":"https:\/\/lrm67.com\/index.php\/wp-json\/wp\/v2\/posts\/23219","targetHints":{"allow":["GET"]}}],"collection":[{"href":"https:\/\/lrm67.com\/index.php\/wp-json\/wp\/v2\/posts"}],"about":[{"href":"https:\/\/lrm67.com\/index.php\/wp-json\/wp\/v2\/types\/post"}],"author":[{"embeddable":true,"href":"https:\/\/lrm67.com\/index.php\/wp-json\/wp\/v2\/users\/26"}],"replies":[{"embeddable":true,"href":"https:\/\/lrm67.com\/index.php\/wp-json\/wp\/v2\/comments?post=23219"}],"version-history":[{"count":1,"href":"https:\/\/lrm67.com\/index.php\/wp-json\/wp\/v2\/posts\/23219\/revisions"}],"predecessor-version":[{"id":23222,"href":"https:\/\/lrm67.com\/index.php\/wp-json\/wp\/v2\/posts\/23219\/revisions\/23222"}],"wp:featuredmedia":[{"embeddable":true,"href":"https:\/\/lrm67.com\/index.php\/wp-json\/wp\/v2\/media\/23221"}],"wp:attachment":[{"href":"https:\/\/lrm67.com\/index.php\/wp-json\/wp\/v2\/media?parent=23219"}],"wp:term":[{"taxonomy":"category","embeddable":true,"href":"https:\/\/lrm67.com\/index.php\/wp-json\/wp\/v2\/categories?post=23219"},{"taxonomy":"post_tag","embeddable":true,"href":"https:\/\/lrm67.com\/index.php\/wp-json\/wp\/v2\/tags?post=23219"}],"curies":[{"name":"wp","href":"https:\/\/api.w.org\/{rel}","templated":true}]}}