{"id":23216,"date":"2024-01-27T10:23:43","date_gmt":"2024-01-27T13:23:43","guid":{"rendered":"https:\/\/lrm67.com\/?p=23216"},"modified":"2024-01-27T10:23:43","modified_gmt":"2024-01-27T13:23:43","slug":"fundacao-de-saude-publica-de-sao-sebastiao-abre-inscricoes-para-concurso-publico-com-oferta-de-87-vagas-em-23-cargos","status":"publish","type":"post","link":"https:\/\/lrm67.com\/index.php\/2024\/01\/27\/fundacao-de-saude-publica-de-sao-sebastiao-abre-inscricoes-para-concurso-publico-com-oferta-de-87-vagas-em-23-cargos\/","title":{"rendered":"Funda\u00e7\u00e3o de Sa\u00fade P\u00fablica de S\u00e3o Sebasti\u00e3o abre inscri\u00e7\u00f5es para concurso p\u00fablico com oferta de 87 vagas em 23 cargos"},"content":{"rendered":"<p><span style=\"color: #000000; font-family: arial, sans-serif;\">A Funda\u00e7\u00e3o de Sa\u00fade P\u00fablica de S\u00e3o Sebasti\u00e3o (FSPSS) publicou, nesta sexta-feira (26), o Edital de Concurso P\u00fablico n\u00ba 01\/2024, destinado ao provimento de 87 vagas para 23 cargos. Os sal\u00e1rios ofertados variam de R$ 1.821,12 a R$ 13.469,43. O concurso ser\u00e1 conduzido pela empresa Avan\u00e7a SP.<\/span><\/p>\n<p><span style=\"color: #000000; font-family: arial, sans-serif;\">S\u00e3o disponibilizadas tr\u00eas vagas para quem tem Ensino Fundamental completo; 27 oportunidades para quem concluiu o Ensino M\u00e9dio ou curso t\u00e9cnico; e 57 vagas para Ensino Superior completo, sendo 39 para m\u00e9dicos.<\/span><\/p>\n<p><span style=\"color: #000000; font-family: arial, sans-serif;\">Os cargos ofertados s\u00e3o de motorista, recepcionista, agente comunit\u00e1rio de sa\u00fade, auxiliar administrativo, auxiliar de enfermagem, auxiliar de sa\u00fade bucal, office boy, t\u00e9cnico em enfermagem, t\u00e9cnico em farm\u00e1cia, t\u00e9cnico em laborat\u00f3rio, t\u00e9cnico em pr\u00f3tese dent\u00e1ria, assistente social, cirurgi\u00e3o dentista (especialista em bucomaxilofacial, endodontista, odontopediatra, pacientes portadores de necessidades especiais, periodontista e protesista), controlador interno, enfermeiro, farmac\u00eautico, fisioterapeuta, fonoaudi\u00f3logo, e m\u00e9dico cl\u00ednico geral e das seguintes especialidades: anestesista, cardiologista, cirurgi\u00e3o geral, dermatologista, endocrinologista, gastroenterologista, geriatra, ginecologista, infectologista, nefrologista, neurologista, neurologista infantil, otorrinolaringologista, pediatra, pneumologista, proctologista, psiquiatra, reumatologista, urologista, vascular, nutricionista, odont\u00f3logo, psic\u00f3logo e terapeuta ocupacional.<\/span><\/p>\n<p><span style=\"color: #000000; font-family: arial, sans-serif;\">As inscri\u00e7\u00f5es devem ser feitas at\u00e9 o dia 26 de fevereiro por meio do site\u00a0<a title=\"\u200c\" href=\"http:\/\/www.avancasp.org.br\/\" target=\"_blank\" rel=\"nofollow noopener noreferrer ugc\" data-saferedirecturl=\"https:\/\/www.google.com\/url?q=http:\/\/www.avancasp.org.br\/&amp;source=gmail&amp;ust=1706448118762000&amp;usg=AOvVaw0iuzvzsvQQ2fzQmW2HpdOQ\">www.avancasp.org.br<\/a>. Na \u00e1rea destinada ao Concurso P\u00fablico da Funda\u00e7\u00e3o de Sa\u00fade P\u00fablica, o candidato dever\u00e1 preencher o formul\u00e1rio e pagar a taxa de inscri\u00e7\u00e3o, que varia entre R$ 55 e R$ 87, de acordo com o cargo escolhido. O pedido de isen\u00e7\u00e3o da taxa de inscri\u00e7\u00e3o deve ser feito at\u00e9 31 de janeiro.<\/span><\/p>\n<p><span style=\"color: #000000; font-family: arial, sans-serif;\">As provas objetivas ser\u00e3o realizadas em S\u00e3o Sebasti\u00e3o, no dia 21 de abril, em dois per\u00edodos, a depender do cargo escolhido, sendo o primeiro \u00e0s 9h e o segundo \u00e0s 14h. A confirma\u00e7\u00e3o da data e as informa\u00e7\u00f5es sobre hor\u00e1rios e locais ser\u00e3o divulgadas por meio de Edital de Convoca\u00e7\u00e3o para Provas, a ser publicado no site\u00a0<a title=\"\u200c\" href=\"http:\/\/www.avancasp.org.br\/\" target=\"_blank\" rel=\"nofollow noopener noreferrer ugc\" data-saferedirecturl=\"https:\/\/www.google.com\/url?q=http:\/\/www.avancasp.org.br\/&amp;source=gmail&amp;ust=1706448118763000&amp;usg=AOvVaw0z2B1WsWf7WKPSGouoTZCA\">www.avancasp.org.br<\/a>, no dia 12 de abril.<\/span><\/p>\n<p><span style=\"color: #000000; font-family: arial, sans-serif;\">O Concurso P\u00fablico constar\u00e1 das seguintes fases: para o emprego de agente comunit\u00e1rio de sa\u00fade, haver\u00e1 prova objetiva e curso de forma\u00e7\u00e3o Inicial; para motorista, ocorrer\u00e3o provas objetiva e pr\u00e1tica; e, para os demais cargos, ser\u00e1 realizada apenas prova objetiva.<\/span><\/p>\n<p><span style=\"color: #000000; font-family: arial, sans-serif;\">Informa\u00e7\u00f5es sobre documentos necess\u00e1rios para inscri\u00e7\u00e3o, conte\u00fado program\u00e1tico, crit\u00e9rios de avalia\u00e7\u00e3o e classifica\u00e7\u00e3o, n\u00famero de vagas, requisitos m\u00ednimos, atribui\u00e7\u00f5es, jornada e remunera\u00e7\u00e3o, entre outras, est\u00e3o dispon\u00edveis no edital, por meio do link:\u00a0<a href=\"https:\/\/fspss.org.br\/files\/anexos\/6b77a37705a96a8d4f266c2a242a8538.pdf\" target=\"_blank\" rel=\"nofollow noopener noreferrer ugc\" data-saferedirecturl=\"https:\/\/www.google.com\/url?q=https:\/\/fspss.org.br\/files\/anexos\/6b77a37705a96a8d4f266c2a242a8538.pdf&amp;source=gmail&amp;ust=1706448118763000&amp;usg=AOvVaw26gm-3-WYEYlQecrCO8R58\">https:\/\/fspss.org.br\/<wbr \/>files\/anexos\/<wbr \/>6b77a37705a96a8d4f266c2a242a85<wbr \/>38.pdf<\/a>.<\/span><\/p>\n","protected":false},"excerpt":{"rendered":"<p>A Funda\u00e7\u00e3o de Sa\u00fade P\u00fablica de S\u00e3o Sebasti\u00e3o (FSPSS) publicou, nesta sexta-feira (26), o Edital de Concurso P\u00fablico n\u00ba 01\/2024, destinado ao provimento de 87 vagas para 23 cargos. Os sal\u00e1rios ofertados variam de R$ 1.821,12 a R$ 13.469,43. O concurso ser\u00e1 conduzido pela empresa Avan\u00e7a SP. S\u00e3o disponibilizadas tr\u00eas vagas para quem tem Ensino [&hellip;]<\/p>\n","protected":false},"author":26,"featured_media":23217,"comment_status":"open","ping_status":"open","sticky":false,"template":"","format":"standard","meta":{"footnotes":""},"categories":[7,49,2,13],"tags":[],"class_list":["post-23216","post","type-post","status-publish","format-standard","has-post-thumbnail","hentry","category-destaque","category-emprego","category-geral","category-sao-sebastiao"],"aioseo_notices":[],"_links":{"self":[{"href":"https:\/\/lrm67.com\/index.php\/wp-json\/wp\/v2\/posts\/23216","targetHints":{"allow":["GET"]}}],"collection":[{"href":"https:\/\/lrm67.com\/index.php\/wp-json\/wp\/v2\/posts"}],"about":[{"href":"https:\/\/lrm67.com\/index.php\/wp-json\/wp\/v2\/types\/post"}],"author":[{"embeddable":true,"href":"https:\/\/lrm67.com\/index.php\/wp-json\/wp\/v2\/users\/26"}],"replies":[{"embeddable":true,"href":"https:\/\/lrm67.com\/index.php\/wp-json\/wp\/v2\/comments?post=23216"}],"version-history":[{"count":1,"href":"https:\/\/lrm67.com\/index.php\/wp-json\/wp\/v2\/posts\/23216\/revisions"}],"predecessor-version":[{"id":23218,"href":"https:\/\/lrm67.com\/index.php\/wp-json\/wp\/v2\/posts\/23216\/revisions\/23218"}],"wp:featuredmedia":[{"embeddable":true,"href":"https:\/\/lrm67.com\/index.php\/wp-json\/wp\/v2\/media\/23217"}],"wp:attachment":[{"href":"https:\/\/lrm67.com\/index.php\/wp-json\/wp\/v2\/media?parent=23216"}],"wp:term":[{"taxonomy":"category","embeddable":true,"href":"https:\/\/lrm67.com\/index.php\/wp-json\/wp\/v2\/categories?post=23216"},{"taxonomy":"post_tag","embeddable":true,"href":"https:\/\/lrm67.com\/index.php\/wp-json\/wp\/v2\/tags?post=23216"}],"curies":[{"name":"wp","href":"https:\/\/api.w.org\/{rel}","templated":true}]}}