{"id":23170,"date":"2024-01-25T16:30:31","date_gmt":"2024-01-25T19:30:31","guid":{"rendered":"https:\/\/lrm67.com\/?p=23170"},"modified":"2024-01-25T16:30:31","modified_gmt":"2024-01-25T19:30:31","slug":"prefeitura-adia-shows-do-festival-de-verao-de-sao-sebastiao-desta-quinta-feira","status":"publish","type":"post","link":"https:\/\/lrm67.com\/index.php\/2024\/01\/25\/prefeitura-adia-shows-do-festival-de-verao-de-sao-sebastiao-desta-quinta-feira\/","title":{"rendered":"Prefeitura adia shows do Festival de Ver\u00e3o de S\u00e3o Sebasti\u00e3o desta quinta-feira"},"content":{"rendered":"<p>Em raz\u00e3o da previs\u00e3o de fortes chuvas no munic\u00edpio, a Prefeitura de S\u00e3o Sebasti\u00e3o, por meio da Secretaria de Turismo (SETUR) e da Funda\u00e7\u00e3o Educacional e Cultural \u2018Deodato Sant\u2019Anna\u2019 (Fundass), adiou os shows musicais que seriam realizados nesta quinta-feira (25), no Festival de Ver\u00e3o de S\u00e3o Sebasti\u00e3o 2024.<\/p>\n<p>O show do Padre F\u00e1bio de Melo ocorrer\u00e1 no domingo (28), \u00e0s 21h, no Complexo Tur\u00edstico da Rua da Praia, Centro. J\u00e1 a apresenta\u00e7\u00e3o da dupla Os Bar\u00f5es da Pisadinha ser\u00e1 no dia 3 de fevereiro (s\u00e1bado), \u00e0s 21h, na Pra\u00e7a P\u00f4r do Sol, na praia de Boi\u00e7ucanga.<\/p>\n<p>Vale ressaltar que os shows com artistas locais que ocorreriam nesta quinta-feira (25), nas praias de Juquehy, Maresias, Pa\u00faba, Bareque\u00e7aba, Arrast\u00e3o, Porto Grande e S\u00e3o Francisco foram cancelados.<\/p>\n<div><\/div>\n<div><img fetchpriority=\"high\" decoding=\"async\" class=\"alignnone size-full wp-image-23171\" src=\"https:\/\/lrm67.com\/wp-content\/uploads\/2024\/01\/Chuvas-em-Sao-Sebastiao-_-4.jpeg\" alt=\"\" width=\"1080\" height=\"1354\" srcset=\"https:\/\/lrm67.com\/wp-content\/uploads\/2024\/01\/Chuvas-em-Sao-Sebastiao-_-4.jpeg 1080w, https:\/\/lrm67.com\/wp-content\/uploads\/2024\/01\/Chuvas-em-Sao-Sebastiao-_-4-239x300.jpeg 239w, https:\/\/lrm67.com\/wp-content\/uploads\/2024\/01\/Chuvas-em-Sao-Sebastiao-_-4-817x1024.jpeg 817w, https:\/\/lrm67.com\/wp-content\/uploads\/2024\/01\/Chuvas-em-Sao-Sebastiao-_-4-768x963.jpeg 768w\" sizes=\"(max-width: 1080px) 100vw, 1080px\" \/><\/div>\n","protected":false},"excerpt":{"rendered":"<p>Em raz\u00e3o da previs\u00e3o de fortes chuvas no munic\u00edpio, a Prefeitura de S\u00e3o Sebasti\u00e3o, por meio da Secretaria de Turismo (SETUR) e da Funda\u00e7\u00e3o Educacional e Cultural \u2018Deodato Sant\u2019Anna\u2019 (Fundass), adiou os shows musicais que seriam realizados nesta quinta-feira (25), no Festival de Ver\u00e3o de S\u00e3o Sebasti\u00e3o 2024. O show do Padre F\u00e1bio de Melo [&hellip;]<\/p>\n","protected":false},"author":26,"featured_media":23172,"comment_status":"open","ping_status":"open","sticky":false,"template":"","format":"standard","meta":{"footnotes":""},"categories":[12,13],"tags":[],"class_list":["post-23170","post","type-post","status-publish","format-standard","has-post-thumbnail","hentry","category-eventos","category-sao-sebastiao"],"aioseo_notices":[],"_links":{"self":[{"href":"https:\/\/lrm67.com\/index.php\/wp-json\/wp\/v2\/posts\/23170","targetHints":{"allow":["GET"]}}],"collection":[{"href":"https:\/\/lrm67.com\/index.php\/wp-json\/wp\/v2\/posts"}],"about":[{"href":"https:\/\/lrm67.com\/index.php\/wp-json\/wp\/v2\/types\/post"}],"author":[{"embeddable":true,"href":"https:\/\/lrm67.com\/index.php\/wp-json\/wp\/v2\/users\/26"}],"replies":[{"embeddable":true,"href":"https:\/\/lrm67.com\/index.php\/wp-json\/wp\/v2\/comments?post=23170"}],"version-history":[{"count":1,"href":"https:\/\/lrm67.com\/index.php\/wp-json\/wp\/v2\/posts\/23170\/revisions"}],"predecessor-version":[{"id":23173,"href":"https:\/\/lrm67.com\/index.php\/wp-json\/wp\/v2\/posts\/23170\/revisions\/23173"}],"wp:featuredmedia":[{"embeddable":true,"href":"https:\/\/lrm67.com\/index.php\/wp-json\/wp\/v2\/media\/23172"}],"wp:attachment":[{"href":"https:\/\/lrm67.com\/index.php\/wp-json\/wp\/v2\/media?parent=23170"}],"wp:term":[{"taxonomy":"category","embeddable":true,"href":"https:\/\/lrm67.com\/index.php\/wp-json\/wp\/v2\/categories?post=23170"},{"taxonomy":"post_tag","embeddable":true,"href":"https:\/\/lrm67.com\/index.php\/wp-json\/wp\/v2\/tags?post=23170"}],"curies":[{"name":"wp","href":"https:\/\/api.w.org\/{rel}","templated":true}]}}