{"id":23166,"date":"2024-01-24T14:16:09","date_gmt":"2024-01-24T17:16:09","guid":{"rendered":"https:\/\/lrm67.com\/?p=23166"},"modified":"2024-01-25T12:19:34","modified_gmt":"2024-01-25T15:19:34","slug":"alesp-recebe-representantes-do-parlamento-hungaro-para-troca-de-informacoes-e-experiencias","status":"publish","type":"post","link":"https:\/\/lrm67.com\/index.php\/2024\/01\/24\/alesp-recebe-representantes-do-parlamento-hungaro-para-troca-de-informacoes-e-experiencias\/","title":{"rendered":"Alesp recebe representantes do parlamento h\u00fangaro para troca de informa\u00e7\u00f5es e experi\u00eancias"},"content":{"rendered":"<div class=\"col-lg-8\">\n<p>Por meio da Comiss\u00e3o de Rela\u00e7\u00f5es Internacionais, a Assembleia Legislativa do Estado de S\u00e3o Paulo recebeu, nesta quarta-feira (24), dois diretores administrativos da Assembleia Nacional da Hungria para uma troca de experi\u00eancias e informa\u00e7\u00f5es sobre os sistemas de tecnologia da informa\u00e7\u00e3o utilizados em cada parlamento.<\/p>\n<p>Emil Bakos, da Diretoria de Gest\u00e3o Econ\u00f4mica e de Infraestrutura, e Tibor B\u00e1r\u00e1ny, da Diretoria de Consultoria Legislativa do parlamento h\u00fangaro, estiveram na Alesp juntamente com Zsuzsanna L\u00e1szl\u00f3, c\u00f4nsul-geral da Hungria em S\u00e3o Paulo.<\/p>\n<p>&#8220;H\u00e1 uma rela\u00e7\u00e3o de amizade entre os dois pa\u00edses e, por isso, essa troca \u00e9 muito importante para n\u00f3s&#8221;, comentou Zsuzsanna.<\/p>\n<p>Os gestores h\u00fangaros conversaram com Frederico Bortolato, analista legislativo do Departamento de Inova\u00e7\u00e3o e Tecnologia da Informa\u00e7\u00e3o da Alesp, que detalhou as iniciativas adotadas no Parlamento Paulista para a digitaliza\u00e7\u00e3o de documentos administrativos, bem como a implementa\u00e7\u00e3o de plataformas digitais para a tramita\u00e7\u00e3o de proposituras legislativas.<\/p>\n<p><img fetchpriority=\"high\" decoding=\"async\" class=\"alignnone size-full wp-image-23168\" src=\"https:\/\/lrm67.com\/wp-content\/uploads\/2024\/01\/fg317723.jpg\" alt=\"\" width=\"2048\" height=\"1365\" srcset=\"https:\/\/lrm67.com\/wp-content\/uploads\/2024\/01\/fg317723.jpg 2048w, https:\/\/lrm67.com\/wp-content\/uploads\/2024\/01\/fg317723-300x200.jpg 300w, https:\/\/lrm67.com\/wp-content\/uploads\/2024\/01\/fg317723-1024x683.jpg 1024w, https:\/\/lrm67.com\/wp-content\/uploads\/2024\/01\/fg317723-768x512.jpg 768w, https:\/\/lrm67.com\/wp-content\/uploads\/2024\/01\/fg317723-1536x1024.jpg 1536w\" sizes=\"(max-width: 2048px) 100vw, 2048px\" \/><\/p>\n<h2><b>Prote\u00e7\u00e3o de dados<\/b><\/h2>\n<p>Vale lembrar que todos os projetos de lei na Alesp tramitam 100% em formato digital, reduzindo de forma consider\u00e1vel a utiliza\u00e7\u00e3o de papel. Tamb\u00e9m foram tratados no encontro temas como seguran\u00e7a cibern\u00e9tica, prote\u00e7\u00e3o de dados e intelig\u00eancia artificial.<\/p>\n<p>&#8220;Acho que as experi\u00eancias trocadas entre parlamentos s\u00e3o essenciais. Como a Europa sempre est\u00e1 na frente em rela\u00e7\u00e3o ao desenvolvimento de tecnologias, \u00e9 importante conhecermos o que j\u00e1 foi feito l\u00e1&#8221;, comentou o analista Bortolato.<\/p>\n<\/div>\n","protected":false},"excerpt":{"rendered":"<p>Por meio da Comiss\u00e3o de Rela\u00e7\u00f5es Internacionais, a Assembleia Legislativa do Estado de S\u00e3o Paulo recebeu, nesta quarta-feira (24), dois diretores administrativos da Assembleia Nacional da Hungria para uma troca de experi\u00eancias e informa\u00e7\u00f5es sobre os sistemas de tecnologia da informa\u00e7\u00e3o utilizados em cada parlamento. Emil Bakos, da Diretoria de Gest\u00e3o Econ\u00f4mica e de Infraestrutura, [&hellip;]<\/p>\n","protected":false},"author":26,"featured_media":23167,"comment_status":"open","ping_status":"open","sticky":false,"template":"","format":"standard","meta":{"footnotes":""},"categories":[81,16,60],"tags":[],"class_list":["post-23166","post","type-post","status-publish","format-standard","has-post-thumbnail","hentry","category-alesp","category-politica","category-sao-paulo"],"aioseo_notices":[],"_links":{"self":[{"href":"https:\/\/lrm67.com\/index.php\/wp-json\/wp\/v2\/posts\/23166","targetHints":{"allow":["GET"]}}],"collection":[{"href":"https:\/\/lrm67.com\/index.php\/wp-json\/wp\/v2\/posts"}],"about":[{"href":"https:\/\/lrm67.com\/index.php\/wp-json\/wp\/v2\/types\/post"}],"author":[{"embeddable":true,"href":"https:\/\/lrm67.com\/index.php\/wp-json\/wp\/v2\/users\/26"}],"replies":[{"embeddable":true,"href":"https:\/\/lrm67.com\/index.php\/wp-json\/wp\/v2\/comments?post=23166"}],"version-history":[{"count":1,"href":"https:\/\/lrm67.com\/index.php\/wp-json\/wp\/v2\/posts\/23166\/revisions"}],"predecessor-version":[{"id":23169,"href":"https:\/\/lrm67.com\/index.php\/wp-json\/wp\/v2\/posts\/23166\/revisions\/23169"}],"wp:featuredmedia":[{"embeddable":true,"href":"https:\/\/lrm67.com\/index.php\/wp-json\/wp\/v2\/media\/23167"}],"wp:attachment":[{"href":"https:\/\/lrm67.com\/index.php\/wp-json\/wp\/v2\/media?parent=23166"}],"wp:term":[{"taxonomy":"category","embeddable":true,"href":"https:\/\/lrm67.com\/index.php\/wp-json\/wp\/v2\/categories?post=23166"},{"taxonomy":"post_tag","embeddable":true,"href":"https:\/\/lrm67.com\/index.php\/wp-json\/wp\/v2\/tags?post=23166"}],"curies":[{"name":"wp","href":"https:\/\/api.w.org\/{rel}","templated":true}]}}