{"id":23144,"date":"2024-01-25T10:41:56","date_gmt":"2024-01-25T13:41:56","guid":{"rendered":"https:\/\/lrm67.com\/?p=23144"},"modified":"2024-01-25T11:23:14","modified_gmt":"2024-01-25T14:23:14","slug":"volume-de-chuva-em-sao-sebastiao-ultrapassa-o-esperado-para-o-mes-de-janeiro","status":"publish","type":"post","link":"https:\/\/lrm67.com\/index.php\/2024\/01\/25\/volume-de-chuva-em-sao-sebastiao-ultrapassa-o-esperado-para-o-mes-de-janeiro\/","title":{"rendered":"Volume de chuva em S\u00e3o Sebasti\u00e3o ultrapassa o esperado para o m\u00eas de janeiro"},"content":{"rendered":"<p>Dados do Centro Nacional de Monitoramento e Alertas de Desastres Naturais (Cemaden) aponta que do dia 1\u00ba a 24 de janeiro choveu 297,51 mil\u00edmetros. Esse volume \u00e9 acima do previsto para todo o m\u00eas, 246,2 mm, e a m\u00e9dia geral de 280,1 mm. Somente na Vila Sahy, na Costa Sul, o acumulado nas \u00faltimas 72 horas foi de 85,4 mm. No munic\u00edpio, o acumulado neste per\u00edodo foi de 155,3 mm.<\/p>\n<p>Os pluvi\u00f4metros dos bairros Pa\u00faba, Boi\u00e7ucanga, Boi\u00e7ucanga 2, Toque-Toque Pequeno, Cambury, Maresias, Praia das Cigarras Juquehy 2 e Morro do Abrigo registraram mais de 100 mm e chuvas em 72h.<\/p>\n<p>As chuvas de ontem deixaram cinco fam\u00edlias desabrigadas, tr\u00eas em Toque-Toque Pequeno, abrigadas na sede da Associa\u00e7\u00e3o de Moradores de Toque-Toque Pequeno (Sapeque) e uma na Escola Municipal Henrique Tavares de Jesus, em Barra do Sahy, que saiu na manh\u00e3 desta quinta-feira (25). Outra fam\u00edlia da Vila Sahy \u2013 m\u00e3e e duas filhas \u2013 foi para casa de parentes perto da escola.<\/p>\n<p><img fetchpriority=\"high\" decoding=\"async\" class=\"alignnone size-full wp-image-23153\" src=\"https:\/\/lrm67.com\/wp-content\/uploads\/2024\/01\/Chuvas-em-Sao-Sebastiao-1.jpeg\" alt=\"\" width=\"1600\" height=\"900\" srcset=\"https:\/\/lrm67.com\/wp-content\/uploads\/2024\/01\/Chuvas-em-Sao-Sebastiao-1.jpeg 1600w, https:\/\/lrm67.com\/wp-content\/uploads\/2024\/01\/Chuvas-em-Sao-Sebastiao-1-300x169.jpeg 300w, https:\/\/lrm67.com\/wp-content\/uploads\/2024\/01\/Chuvas-em-Sao-Sebastiao-1-1024x576.jpeg 1024w, https:\/\/lrm67.com\/wp-content\/uploads\/2024\/01\/Chuvas-em-Sao-Sebastiao-1-768x432.jpeg 768w, https:\/\/lrm67.com\/wp-content\/uploads\/2024\/01\/Chuvas-em-Sao-Sebastiao-1-1536x864.jpeg 1536w\" sizes=\"(max-width: 1600px) 100vw, 1600px\" \/><\/p>\n<p>As equipes da Prefeitura ainda trabalham na limpeza das ruas atingidas pelas enxurradas desde a noite de ontem. N\u00e3o h\u00e1 registros de ocorr\u00eancias graves.<\/p>\n<p>O Plano de Conting\u00eancia da Defesa Civil foi acionado e todas as secretarias est\u00e3o de prontid\u00e3o, uma vez que ainda h\u00e1 previs\u00e3o de chuvas para a noite desta quinta-feira e manh\u00e3 de sexta-feira.<\/p>\n<p>O vice-prefeito Reinaldinho Moreira acompanha a situa\u00e7\u00e3o junto ao Centro de Opera\u00e7\u00f5es Integradas (COI) e nas \u00e1reas mais afetadas. Ele destaca que, por conta da atual situa\u00e7\u00e3o, o munic\u00edpio se encontra em estado de alerta, pois h\u00e1 risco de escorregamento de terra e novos alagamentos.<\/p>\n<p>Todas as equipes est\u00e3o de prontid\u00e3o e, em caso de emerg\u00eancia, a popula\u00e7\u00e3o pode ligar para os telefones da Defesa Civil (199), Pol\u00edcia Municipal (153) e Corpo de Bombeiros (193).<\/p>\n","protected":false},"excerpt":{"rendered":"<p>Dados do Centro Nacional de Monitoramento e Alertas de Desastres Naturais (Cemaden) aponta que do dia 1\u00ba a 24 de janeiro choveu 297,51 mil\u00edmetros. Esse volume \u00e9 acima do previsto para todo o m\u00eas, 246,2 mm, e a m\u00e9dia geral de 280,1 mm. Somente na Vila Sahy, na Costa Sul, o acumulado nas \u00faltimas 72 [&hellip;]<\/p>\n","protected":false},"author":26,"featured_media":23152,"comment_status":"open","ping_status":"open","sticky":false,"template":"","format":"standard","meta":{"footnotes":""},"categories":[7,2,13,6],"tags":[],"class_list":["post-23144","post","type-post","status-publish","format-standard","has-post-thumbnail","hentry","category-destaque","category-geral","category-sao-sebastiao","category-tempo"],"aioseo_notices":[],"_links":{"self":[{"href":"https:\/\/lrm67.com\/index.php\/wp-json\/wp\/v2\/posts\/23144","targetHints":{"allow":["GET"]}}],"collection":[{"href":"https:\/\/lrm67.com\/index.php\/wp-json\/wp\/v2\/posts"}],"about":[{"href":"https:\/\/lrm67.com\/index.php\/wp-json\/wp\/v2\/types\/post"}],"author":[{"embeddable":true,"href":"https:\/\/lrm67.com\/index.php\/wp-json\/wp\/v2\/users\/26"}],"replies":[{"embeddable":true,"href":"https:\/\/lrm67.com\/index.php\/wp-json\/wp\/v2\/comments?post=23144"}],"version-history":[{"count":2,"href":"https:\/\/lrm67.com\/index.php\/wp-json\/wp\/v2\/posts\/23144\/revisions"}],"predecessor-version":[{"id":23154,"href":"https:\/\/lrm67.com\/index.php\/wp-json\/wp\/v2\/posts\/23144\/revisions\/23154"}],"wp:featuredmedia":[{"embeddable":true,"href":"https:\/\/lrm67.com\/index.php\/wp-json\/wp\/v2\/media\/23152"}],"wp:attachment":[{"href":"https:\/\/lrm67.com\/index.php\/wp-json\/wp\/v2\/media?parent=23144"}],"wp:term":[{"taxonomy":"category","embeddable":true,"href":"https:\/\/lrm67.com\/index.php\/wp-json\/wp\/v2\/categories?post=23144"},{"taxonomy":"post_tag","embeddable":true,"href":"https:\/\/lrm67.com\/index.php\/wp-json\/wp\/v2\/tags?post=23144"}],"curies":[{"name":"wp","href":"https:\/\/api.w.org\/{rel}","templated":true}]}}