{"id":23135,"date":"2024-01-25T10:38:28","date_gmt":"2024-01-25T13:38:28","guid":{"rendered":"https:\/\/lrm67.com\/?p=23135"},"modified":"2024-01-25T10:38:47","modified_gmt":"2024-01-25T13:38:47","slug":"vanguarda-verao-chega-em-sao-sebastiao-nesta-quinta-feira-25","status":"publish","type":"post","link":"https:\/\/lrm67.com\/index.php\/2024\/01\/25\/vanguarda-verao-chega-em-sao-sebastiao-nesta-quinta-feira-25\/","title":{"rendered":"Vanguarda Ver\u00e3o chega em S\u00e3o Sebasti\u00e3o nesta quinta-feira (25)"},"content":{"rendered":"<p>Marcello Ver\u00edssimo<\/p>\n<p>O est\u00fadio m\u00f3vel do projeto Vanguarda Ver\u00e3o vai animar os \u00faltimos dias de janeiro na praia do Arrast\u00e3o, na regi\u00e3o central de S\u00e3o Sebasti\u00e3o, a partir das 10h, desta quinta-feira (23).<\/p>\n<p>O evento, promovido pela Rede Vanguarda, afiliada da TV Globo na regi\u00e3o, tem o apoio da Prefeitura de S\u00e3o Sebasti\u00e3o, e segue at\u00e9 o pr\u00f3ximo dia 3 de fevereiro.<\/p>\n<p>Todas as atividades no Vanguarda Ver\u00e3o s\u00e3o gratuitas. De acordo com a emissora, as a\u00e7\u00f5es ser\u00e3o realizadas em dois hor\u00e1rios a partir de hoje, das 10h at\u00e9 as 11h; e de tarde, das 15h \u00e0s 16h.<\/p>\n<p>Al\u00e9m disso, durante todos os dias do evento, a jornalista Talita Fran\u00e7a estar\u00e1 na praia para interagir com o p\u00fablico e comandar ao vivo o Link Vanguarda, na hora do almo\u00e7o, direto da praia.<\/p>\n<p>Entre as atividades que a emissora destaca est\u00e1 o Jogo da Roleta, que o p\u00fablico poder\u00e1 participar e concorrer a brindes da emissora e da prefeitura do munic\u00edpio, al\u00e9m de aulas de beach t\u00eanis e v\u00f4lei de praia com professor da Secretaria de Esportes de S\u00e3o Sebasti\u00e3o.<br \/>\nMais informa\u00e7\u00f5es podem ser encontradas no link a seguir: https:\/\/www.instagram.com\/redevanguarda\/ .<\/p>\n<p>Foto: Reprodu\u00e7\u00e3o Instagram\/Rede Vanguarda<\/p>\n","protected":false},"excerpt":{"rendered":"<p>Marcello Ver\u00edssimo O est\u00fadio m\u00f3vel do projeto Vanguarda Ver\u00e3o vai animar os \u00faltimos dias de janeiro na praia do Arrast\u00e3o, na regi\u00e3o central de S\u00e3o Sebasti\u00e3o, a partir das 10h, desta quinta-feira (23). O evento, promovido pela Rede Vanguarda, afiliada da TV Globo na regi\u00e3o, tem o apoio da Prefeitura de S\u00e3o Sebasti\u00e3o, e segue [&hellip;]<\/p>\n","protected":false},"author":28,"featured_media":23136,"comment_status":"open","ping_status":"open","sticky":false,"template":"","format":"standard","meta":{"footnotes":""},"categories":[7,2,13],"tags":[],"class_list":["post-23135","post","type-post","status-publish","format-standard","has-post-thumbnail","hentry","category-destaque","category-geral","category-sao-sebastiao"],"aioseo_notices":[],"_links":{"self":[{"href":"https:\/\/lrm67.com\/index.php\/wp-json\/wp\/v2\/posts\/23135","targetHints":{"allow":["GET"]}}],"collection":[{"href":"https:\/\/lrm67.com\/index.php\/wp-json\/wp\/v2\/posts"}],"about":[{"href":"https:\/\/lrm67.com\/index.php\/wp-json\/wp\/v2\/types\/post"}],"author":[{"embeddable":true,"href":"https:\/\/lrm67.com\/index.php\/wp-json\/wp\/v2\/users\/28"}],"replies":[{"embeddable":true,"href":"https:\/\/lrm67.com\/index.php\/wp-json\/wp\/v2\/comments?post=23135"}],"version-history":[{"count":2,"href":"https:\/\/lrm67.com\/index.php\/wp-json\/wp\/v2\/posts\/23135\/revisions"}],"predecessor-version":[{"id":23140,"href":"https:\/\/lrm67.com\/index.php\/wp-json\/wp\/v2\/posts\/23135\/revisions\/23140"}],"wp:featuredmedia":[{"embeddable":true,"href":"https:\/\/lrm67.com\/index.php\/wp-json\/wp\/v2\/media\/23136"}],"wp:attachment":[{"href":"https:\/\/lrm67.com\/index.php\/wp-json\/wp\/v2\/media?parent=23135"}],"wp:term":[{"taxonomy":"category","embeddable":true,"href":"https:\/\/lrm67.com\/index.php\/wp-json\/wp\/v2\/categories?post=23135"},{"taxonomy":"post_tag","embeddable":true,"href":"https:\/\/lrm67.com\/index.php\/wp-json\/wp\/v2\/tags?post=23135"}],"curies":[{"name":"wp","href":"https:\/\/api.w.org\/{rel}","templated":true}]}}