{"id":23123,"date":"2024-01-25T08:29:58","date_gmt":"2024-01-25T11:29:58","guid":{"rendered":"https:\/\/lrm67.com\/?p=23123"},"modified":"2024-01-25T08:29:58","modified_gmt":"2024-01-25T11:29:58","slug":"tempestade-traz-panico-e-medo-aos-municipios-do-ln","status":"publish","type":"post","link":"https:\/\/lrm67.com\/index.php\/2024\/01\/25\/tempestade-traz-panico-e-medo-aos-municipios-do-ln\/","title":{"rendered":"Tempestade traz p\u00e2nico e medo aos munic\u00edpios do LN"},"content":{"rendered":"<p>Marcello Ver\u00edssimo<\/p>\n<p>A chuva que caiu sobre o Litoral Norte na noite desta quarta-feira (24) assustou moradores de toda a regi\u00e3o. Era quase 21h quando a tempestade come\u00e7ou e rapidamente fotos e v\u00eddeos se espalharam pelas redes sociais e grupos em aplicativos de mensagem.<\/p>\n<p>As Defesas Civis dos quatro munic\u00edpios ficaram de prontid\u00e3o durante boa parte da noite. Em S\u00e3o Sebasti\u00e3o, trechos da rodovia Rio-Santos (SP-55) ficaram totalmente alagados, assim como ruas na regi\u00e3o central do munic\u00edpio.<\/p>\n<div style=\"width: 480px;\" class=\"wp-video\"><!--[if lt IE 9]><script>document.createElement('video');<\/script><![endif]-->\n<video class=\"wp-video-shortcode\" id=\"video-23123-1\" width=\"480\" height=\"864\" preload=\"metadata\" controls=\"controls\"><source type=\"video\/mp4\" src=\"https:\/\/lrm67.com\/wp-content\/uploads\/2024\/01\/WhatsApp-Video-2024-01-25-at-05.40.35.mp4?_=1\" \/><a href=\"https:\/\/lrm67.com\/wp-content\/uploads\/2024\/01\/WhatsApp-Video-2024-01-25-at-05.40.35.mp4\">https:\/\/lrm67.com\/wp-content\/uploads\/2024\/01\/WhatsApp-Video-2024-01-25-at-05.40.35.mp4<\/a><\/video><\/div>\n<p>De acordo com internautas, o tr\u00e2nsito ficou totalmente parado na altura da praia do Arrast\u00e3o e do bairro Portal da Olaria, na regi\u00e3o central do munic\u00edpio.<\/p>\n<p>Durante a tempestade, que foi intensa, o posto de combust\u00edveis Ipiranga, em frente a Marina Igararec\u00ea, serviu de abrigo para motoristas e pedestres.<\/p>\n<p>A Defesa Civil informou que o acumulado de chuva j\u00e1 est\u00e1 em 122 mm. De acordo com o \u00f3rg\u00e3o, choveu 50mm em menos de 1 hora.<\/p>\n<p>A Prefeitura de S\u00e3o Sebasti\u00e3o informou que os moradores da regi\u00e3o da Barra do Sahy, na costa sul, podem se abrigar na Escola Municipal Henrique Tavares de Jesus , na avenida Adelino Tavares, 301.<\/p>\n<p>Alerta &#8211; Na regi\u00e3o da Vila Sahy, mais atingida pela tempestade de fevereiro do ano passado, a sirene de alerta soou durante a noite para aten\u00e7\u00e3o dos moradores.<\/p>\n<p>O vice-prefeito de S\u00e3o Sebasti\u00e3o, Reinaldinho Moreira, esteve no Centro de Opera\u00e7\u00f5es Integradas (COI) para acompanhar a situa\u00e7\u00e3o em v\u00e1rios pontos do munic\u00edpio e tamb\u00e9m determinou o acionamento da sirene da Vila Sahy de forma preventiva. \u201cPela primeira vez, desde que foi instalada no final de 2023, a sirene foi acionada com orienta\u00e7\u00f5es para que os moradores sa\u00edssem de suas casas em dire\u00e7\u00e3o ao ponto de encontro ou a um abrigo\u201d, explicou em nota a prefeitura do munic\u00edpio.<\/p>\n<p>Serra &#8211; Por volta das 22h, a concession\u00e1ria que administra a Rodovia dos Tamoios (SP-99) informou que pela seguran\u00e7a dos motoristas a serra antiga voltou a ser temporariamente interditada em raz\u00e3o do alto volume de chuvas.<\/p>\n<div style=\"width: 480px;\" class=\"wp-video\"><video class=\"wp-video-shortcode\" id=\"video-23123-2\" width=\"480\" height=\"864\" preload=\"metadata\" controls=\"controls\"><source type=\"video\/mp4\" src=\"https:\/\/lrm67.com\/wp-content\/uploads\/2024\/01\/WhatsApp-Video-2024-01-25-at-05.40.57.mp4?_=2\" \/><a href=\"https:\/\/lrm67.com\/wp-content\/uploads\/2024\/01\/WhatsApp-Video-2024-01-25-at-05.40.57.mp4\">https:\/\/lrm67.com\/wp-content\/uploads\/2024\/01\/WhatsApp-Video-2024-01-25-at-05.40.57.mp4<\/a><\/video><\/div>\n","protected":false},"excerpt":{"rendered":"<p>Marcello Ver\u00edssimo A chuva que caiu sobre o Litoral Norte na noite desta quarta-feira (24) assustou moradores de toda a regi\u00e3o. Era quase 21h quando a tempestade come\u00e7ou e rapidamente fotos e v\u00eddeos se espalharam pelas redes sociais e grupos em aplicativos de mensagem. As Defesas Civis dos quatro munic\u00edpios ficaram de prontid\u00e3o durante boa [&hellip;]<\/p>\n","protected":false},"author":28,"featured_media":23126,"comment_status":"open","ping_status":"open","sticky":false,"template":"","format":"standard","meta":{"footnotes":""},"categories":[7,2,80,6],"tags":[],"class_list":["post-23123","post","type-post","status-publish","format-standard","has-post-thumbnail","hentry","category-destaque","category-geral","category-litoral-norte","category-tempo"],"aioseo_notices":[],"_links":{"self":[{"href":"https:\/\/lrm67.com\/index.php\/wp-json\/wp\/v2\/posts\/23123","targetHints":{"allow":["GET"]}}],"collection":[{"href":"https:\/\/lrm67.com\/index.php\/wp-json\/wp\/v2\/posts"}],"about":[{"href":"https:\/\/lrm67.com\/index.php\/wp-json\/wp\/v2\/types\/post"}],"author":[{"embeddable":true,"href":"https:\/\/lrm67.com\/index.php\/wp-json\/wp\/v2\/users\/28"}],"replies":[{"embeddable":true,"href":"https:\/\/lrm67.com\/index.php\/wp-json\/wp\/v2\/comments?post=23123"}],"version-history":[{"count":1,"href":"https:\/\/lrm67.com\/index.php\/wp-json\/wp\/v2\/posts\/23123\/revisions"}],"predecessor-version":[{"id":23127,"href":"https:\/\/lrm67.com\/index.php\/wp-json\/wp\/v2\/posts\/23123\/revisions\/23127"}],"wp:featuredmedia":[{"embeddable":true,"href":"https:\/\/lrm67.com\/index.php\/wp-json\/wp\/v2\/media\/23126"}],"wp:attachment":[{"href":"https:\/\/lrm67.com\/index.php\/wp-json\/wp\/v2\/media?parent=23123"}],"wp:term":[{"taxonomy":"category","embeddable":true,"href":"https:\/\/lrm67.com\/index.php\/wp-json\/wp\/v2\/categories?post=23123"},{"taxonomy":"post_tag","embeddable":true,"href":"https:\/\/lrm67.com\/index.php\/wp-json\/wp\/v2\/tags?post=23123"}],"curies":[{"name":"wp","href":"https:\/\/api.w.org\/{rel}","templated":true}]}}