{"id":23112,"date":"2024-01-24T21:53:01","date_gmt":"2024-01-25T00:53:01","guid":{"rendered":"https:\/\/lrm67.com\/?p=23112"},"modified":"2024-01-24T22:01:36","modified_gmt":"2024-01-25T01:01:36","slug":"chuva-forte-atinge-sao-sebastiao-sirene-e-acionada-e-escola-na-barra-do-sahy-e-aberta-como-ponto-de-abrigo","status":"publish","type":"post","link":"https:\/\/lrm67.com\/index.php\/2024\/01\/24\/chuva-forte-atinge-sao-sebastiao-sirene-e-acionada-e-escola-na-barra-do-sahy-e-aberta-como-ponto-de-abrigo\/","title":{"rendered":"Chuva forte atinge S\u00e3o Sebasti\u00e3o, sirene \u00e9 acionada e escola na Barra do Sahy \u00e9 aberta como ponto de abrigo"},"content":{"rendered":"<p>Uma forte chuva caiu no come\u00e7o da noite desta quarta-feira (24) em S\u00e3o Sebasti\u00e3o, provocando alagamento em diversos pontos do munic\u00edpio. Foram 50 mil\u00edmetros que ca\u00edram em menos de uma hora.<\/p>\n<p>O vice-prefeito Reinaldinho Moreira est\u00e1 no Centro de Opera\u00e7\u00f5es Integradas (COI) onde acompanha a situa\u00e7\u00e3o em v\u00e1rios pontos do munic\u00edpio e tamb\u00e9m determinou o acionamento da sirene da Vila Sahy de forma preventiva.<\/p>\n<p>Pela primeira vez, desde que foi instalada no final de 2023, a sirene foi acionada com orienta\u00e7\u00f5es para que os moradores sa\u00edssem de suas casas em dire\u00e7\u00e3o ao ponto de encontro ou a um abrigo.<\/p>\n<p><img fetchpriority=\"high\" decoding=\"async\" class=\"alignnone size-full wp-image-23113\" src=\"https:\/\/lrm67.com\/wp-content\/uploads\/2024\/01\/WhatsApp-Image-2024-01-24-at-21.48.15.jpeg\" alt=\"\" width=\"1280\" height=\"1600\" srcset=\"https:\/\/lrm67.com\/wp-content\/uploads\/2024\/01\/WhatsApp-Image-2024-01-24-at-21.48.15.jpeg 1280w, https:\/\/lrm67.com\/wp-content\/uploads\/2024\/01\/WhatsApp-Image-2024-01-24-at-21.48.15-240x300.jpeg 240w, https:\/\/lrm67.com\/wp-content\/uploads\/2024\/01\/WhatsApp-Image-2024-01-24-at-21.48.15-819x1024.jpeg 819w, https:\/\/lrm67.com\/wp-content\/uploads\/2024\/01\/WhatsApp-Image-2024-01-24-at-21.48.15-768x960.jpeg 768w, https:\/\/lrm67.com\/wp-content\/uploads\/2024\/01\/WhatsApp-Image-2024-01-24-at-21.48.15-1229x1536.jpeg 1229w\" sizes=\"(max-width: 1280px) 100vw, 1280px\" \/><\/p>\n<p>A Prefeitura abriu a Escola Municipal Henrique Tavares de Jesus para receber os moradores at\u00e9 a chuva parar ou as \u00e1guas das ruas baixarem. A escola est\u00e1 localizada Avenida Adelino Tavares, 301, na Barra do Sahy.<\/p>\n<p>As equipes da Defesa Civil est\u00e3o nos pontos de maior risco. A preocupa\u00e7\u00e3o \u00e9 que o acumulado est\u00e1 alto, pois chove desde s\u00e1bado. Por conta do solo encharcado, tamb\u00e9m h\u00e1 preocupa\u00e7\u00e3o com poss\u00edveis escorregamentos de terra.<\/p>\n<p><img decoding=\"async\" class=\"alignnone size-full wp-image-23117\" src=\"https:\/\/lrm67.com\/wp-content\/uploads\/2024\/01\/WhatsApp-Image-2024-01-24-at-21.56.11.jpeg\" alt=\"\" width=\"1280\" height=\"1600\" srcset=\"https:\/\/lrm67.com\/wp-content\/uploads\/2024\/01\/WhatsApp-Image-2024-01-24-at-21.56.11.jpeg 1280w, https:\/\/lrm67.com\/wp-content\/uploads\/2024\/01\/WhatsApp-Image-2024-01-24-at-21.56.11-240x300.jpeg 240w, https:\/\/lrm67.com\/wp-content\/uploads\/2024\/01\/WhatsApp-Image-2024-01-24-at-21.56.11-819x1024.jpeg 819w, https:\/\/lrm67.com\/wp-content\/uploads\/2024\/01\/WhatsApp-Image-2024-01-24-at-21.56.11-768x960.jpeg 768w, https:\/\/lrm67.com\/wp-content\/uploads\/2024\/01\/WhatsApp-Image-2024-01-24-at-21.56.11-1229x1536.jpeg 1229w\" sizes=\"(max-width: 1280px) 100vw, 1280px\" \/><\/p>\n","protected":false},"excerpt":{"rendered":"<p>Uma forte chuva caiu no come\u00e7o da noite desta quarta-feira (24) em S\u00e3o Sebasti\u00e3o, provocando alagamento em diversos pontos do munic\u00edpio. Foram 50 mil\u00edmetros que ca\u00edram em menos de uma hora. O vice-prefeito Reinaldinho Moreira est\u00e1 no Centro de Opera\u00e7\u00f5es Integradas (COI) onde acompanha a situa\u00e7\u00e3o em v\u00e1rios pontos do munic\u00edpio e tamb\u00e9m determinou o [&hellip;]<\/p>\n","protected":false},"author":26,"featured_media":23114,"comment_status":"open","ping_status":"open","sticky":false,"template":"","format":"standard","meta":{"footnotes":""},"categories":[7,2,13,6],"tags":[],"class_list":["post-23112","post","type-post","status-publish","format-standard","has-post-thumbnail","hentry","category-destaque","category-geral","category-sao-sebastiao","category-tempo"],"aioseo_notices":[],"_links":{"self":[{"href":"https:\/\/lrm67.com\/index.php\/wp-json\/wp\/v2\/posts\/23112","targetHints":{"allow":["GET"]}}],"collection":[{"href":"https:\/\/lrm67.com\/index.php\/wp-json\/wp\/v2\/posts"}],"about":[{"href":"https:\/\/lrm67.com\/index.php\/wp-json\/wp\/v2\/types\/post"}],"author":[{"embeddable":true,"href":"https:\/\/lrm67.com\/index.php\/wp-json\/wp\/v2\/users\/26"}],"replies":[{"embeddable":true,"href":"https:\/\/lrm67.com\/index.php\/wp-json\/wp\/v2\/comments?post=23112"}],"version-history":[{"count":3,"href":"https:\/\/lrm67.com\/index.php\/wp-json\/wp\/v2\/posts\/23112\/revisions"}],"predecessor-version":[{"id":23118,"href":"https:\/\/lrm67.com\/index.php\/wp-json\/wp\/v2\/posts\/23112\/revisions\/23118"}],"wp:featuredmedia":[{"embeddable":true,"href":"https:\/\/lrm67.com\/index.php\/wp-json\/wp\/v2\/media\/23114"}],"wp:attachment":[{"href":"https:\/\/lrm67.com\/index.php\/wp-json\/wp\/v2\/media?parent=23112"}],"wp:term":[{"taxonomy":"category","embeddable":true,"href":"https:\/\/lrm67.com\/index.php\/wp-json\/wp\/v2\/categories?post=23112"},{"taxonomy":"post_tag","embeddable":true,"href":"https:\/\/lrm67.com\/index.php\/wp-json\/wp\/v2\/tags?post=23112"}],"curies":[{"name":"wp","href":"https:\/\/api.w.org\/{rel}","templated":true}]}}