{"id":23099,"date":"2024-01-24T18:01:00","date_gmt":"2024-01-24T21:01:00","guid":{"rendered":"https:\/\/lrm67.com\/?p=23099"},"modified":"2024-01-24T22:11:37","modified_gmt":"2024-01-25T01:11:37","slug":"sao-sebastiao-da-posse-a-mais-de-100-novos-professores-concursados-para-a-educacao-municipal","status":"publish","type":"post","link":"https:\/\/lrm67.com\/index.php\/2024\/01\/24\/sao-sebastiao-da-posse-a-mais-de-100-novos-professores-concursados-para-a-educacao-municipal\/","title":{"rendered":"S\u00e3o Sebasti\u00e3o d\u00e1 posse a mais de 100 novos professores concursados para a educa\u00e7\u00e3o municipal"},"content":{"rendered":"<p>A rede municipal de ensino de S\u00e3o Sebasti\u00e3o foi beneficiada com a posse de mais de 100 novos professores aprovados no concurso p\u00fablico 01\/2019. A cerim\u00f4nia de efetiva\u00e7\u00e3o desses profissionais foi realizada pela Prefeitura, por meio da Secretaria da Educa\u00e7\u00e3o (SEDUC) e ocorreu nesta quarta-feira (24).<\/p>\n<p>V\u00e3o integrar o quadro de colaboradores da rede p\u00fablica professores de Educa\u00e7\u00e3o B\u00e1sica 1, atendendo alunos da Educa\u00e7\u00e3o Infantil e Ensino Fundamental Anos Inicias. Tamb\u00e9m ingressam docentes das disciplinas de Ci\u00eancias, Educa\u00e7\u00e3o F\u00edsica, Matem\u00e1tica, Hist\u00f3ria e Ingl\u00eas, que lecionar\u00e3o para o Ensino Fundamental Anos Finais.<\/p>\n<p>A professora de Educa\u00e7\u00e3o B\u00e1sica 1, Cl\u00e1udia Cec\u00edlio, comenta sobre o sentimento de tornar-se servidora p\u00fablica da rede municipal. \u201cEmocionante, eu poderia at\u00e9 ter desistido pelo tempo que eu dou aula, mas eu queria saber como que era essa emo\u00e7\u00e3o. Sempre fui celetista e queria saber a emo\u00e7\u00e3o de ser efetiva.\u201d<\/p>\n<p>Para o professor de Educa\u00e7\u00e3o F\u00edsica, Marcelo Junior, o anseio para assumir o cargo p\u00fablico era grande. \u201cEu estou muito feliz, era um sonho que eu tinha e almejei por isso. Foi um passo muito importante pra mim. As expectativas s\u00e3o as melhores poss\u00edveis, estou bem ansioso pensando nas possibilidades, nas turmas as quais eu vou pegar e o trabalho que eu vou realizar, por isso a expectativa est\u00e1 bem grande.\u201d<\/p>\n<p>A secret\u00e1ria da pasta da Educa\u00e7\u00e3o, Marta Braz, fala sobre a import\u00e2ncia dos novos profissionais. \u201cEste \u00e9 mais um avan\u00e7o que alcan\u00e7amos e que ir\u00e1 beneficiar nossos alunos. Essa posse \u00e9 fruto de uma gest\u00e3o que de fato se preocupa e tem um olhar diferenciado para a educa\u00e7\u00e3o.\u201d<\/p>\n<p>O vice-prefeito e secret\u00e1rio de Sa\u00fade, Reinaldinho Moreira, tamb\u00e9m aborda a relev\u00e2ncia dos professores efetivados. \u201cEst\u00e1vamos bem ansiosos pela chegada desses novos professores e tudo que n\u00f3s estamos fazendo pela educa\u00e7\u00e3o todos esses anos tamb\u00e9m se complementa com a chegada deles. Esses profissionais s\u00e3o a cereja do bolo daquilo que fazemos todos os dias, daquilo que n\u00f3s planejamos para a educa\u00e7\u00e3o municipal\u201d.<\/p>\n","protected":false},"excerpt":{"rendered":"<p>A rede municipal de ensino de S\u00e3o Sebasti\u00e3o foi beneficiada com a posse de mais de 100 novos professores aprovados no concurso p\u00fablico 01\/2019. A cerim\u00f4nia de efetiva\u00e7\u00e3o desses profissionais foi realizada pela Prefeitura, por meio da Secretaria da Educa\u00e7\u00e3o (SEDUC) e ocorreu nesta quarta-feira (24). V\u00e3o integrar o quadro de colaboradores da rede p\u00fablica [&hellip;]<\/p>\n","protected":false},"author":26,"featured_media":23119,"comment_status":"open","ping_status":"open","sticky":false,"template":"","format":"standard","meta":{"footnotes":""},"categories":[19,16,13],"tags":[],"class_list":["post-23099","post","type-post","status-publish","format-standard","has-post-thumbnail","hentry","category-educacao","category-politica","category-sao-sebastiao"],"aioseo_notices":[],"_links":{"self":[{"href":"https:\/\/lrm67.com\/index.php\/wp-json\/wp\/v2\/posts\/23099","targetHints":{"allow":["GET"]}}],"collection":[{"href":"https:\/\/lrm67.com\/index.php\/wp-json\/wp\/v2\/posts"}],"about":[{"href":"https:\/\/lrm67.com\/index.php\/wp-json\/wp\/v2\/types\/post"}],"author":[{"embeddable":true,"href":"https:\/\/lrm67.com\/index.php\/wp-json\/wp\/v2\/users\/26"}],"replies":[{"embeddable":true,"href":"https:\/\/lrm67.com\/index.php\/wp-json\/wp\/v2\/comments?post=23099"}],"version-history":[{"count":1,"href":"https:\/\/lrm67.com\/index.php\/wp-json\/wp\/v2\/posts\/23099\/revisions"}],"predecessor-version":[{"id":23102,"href":"https:\/\/lrm67.com\/index.php\/wp-json\/wp\/v2\/posts\/23099\/revisions\/23102"}],"wp:featuredmedia":[{"embeddable":true,"href":"https:\/\/lrm67.com\/index.php\/wp-json\/wp\/v2\/media\/23119"}],"wp:attachment":[{"href":"https:\/\/lrm67.com\/index.php\/wp-json\/wp\/v2\/media?parent=23099"}],"wp:term":[{"taxonomy":"category","embeddable":true,"href":"https:\/\/lrm67.com\/index.php\/wp-json\/wp\/v2\/categories?post=23099"},{"taxonomy":"post_tag","embeddable":true,"href":"https:\/\/lrm67.com\/index.php\/wp-json\/wp\/v2\/tags?post=23099"}],"curies":[{"name":"wp","href":"https:\/\/api.w.org\/{rel}","templated":true}]}}