{"id":23096,"date":"2024-01-24T10:39:23","date_gmt":"2024-01-24T13:39:23","guid":{"rendered":"https:\/\/lrm67.com\/?p=23096"},"modified":"2024-01-24T17:45:32","modified_gmt":"2024-01-24T20:45:32","slug":"shows-de-netinho-da-bahia-gilmelandia-alinne-rosa-renata-jambeiro-e-bloco-tbt-no-carnaval-2024-de-sao-sebastiao","status":"publish","type":"post","link":"https:\/\/lrm67.com\/index.php\/2024\/01\/24\/shows-de-netinho-da-bahia-gilmelandia-alinne-rosa-renata-jambeiro-e-bloco-tbt-no-carnaval-2024-de-sao-sebastiao\/","title":{"rendered":"Shows de Netinho da Bahia, Gilmel\u00e2ndia, Alinne Rosa, Renata Jambeiro e Bloco TBT no Carnaval 2024 de S\u00e3o Sebasti\u00e3o"},"content":{"rendered":"<p>A Prefeitura de S\u00e3o Sebasti\u00e3o, por meio da Secretaria de Turismo (SETUR) e da Funda\u00e7\u00e3o Educacional e Cultural \u2018Deodato Sant\u2019Anna\u2019 (Fundass), prepara uma programa\u00e7\u00e3o especial para o Carnaval 2024 no munic\u00edpio, que ocorre de 8 a 13 de fevereiro.<\/p>\n<p>A extensa programa\u00e7\u00e3o promete reunir milhares de moradores e turistas de Costa Sul a Norte do munic\u00edpio e contar\u00e1 com shows de renomados artistas, todos abertos ao p\u00fablico.<\/p>\n<p>Fazendo um esquenta para o Carnaval, na quinta-feira, dia 8, \u00e0s 21h, a Rua da Praia ser\u00e1 palco do show da cantora Alinne Rosa, que foi vocalista da banda\u00a0Cheiro de Amor. A cantora Renata Jambeiro promete animar a Pra\u00e7a P\u00f4r do Sol, em Boi\u00e7ucanga, com um show dan\u00e7ante e muito ritmo, a partir das 21h.<\/p>\n<p>Na sexta-feira de Carnaval (9), \u00e0s 22h, o cantor de ax\u00e9 Netinho da Bahia sobe ao palco da Rua da Praia para cantar grandes\u00a0<em>hits<\/em>\u00a0da sua carreira como \u2018Milla\u2019 e \u2018Menina\u2019. Na Pra\u00e7a P\u00f4r do Sol, dona da can\u00e7\u00e3o \u2018Maionese\u2019, a cantora Gilmel\u00e2ndia se apresenta no palco do Carnaval, \u00e0s 22h. Gil tamb\u00e9m foi vocalista da Banda Beijo, onde gravou os sucessos \u2018Pera\u00ea\u2019 e \u2018Bate Lata\u2019.<\/p>\n<p>O Bloco TBT, composto pelos cantores Jo\u00e3o Suplicy e Vitor da Candel\u00e1ria, ir\u00e1 agitar a Rua da Praia no domingo (11), \u00e0s 22h; e a Pra\u00e7a Internacional do Surf, na praia de Maresias, na segunda-feira (12), a partir das 19h.<\/p>\n<p>De acordo com a prefeitura, em breve, ser\u00e1 divulgada a programa\u00e7\u00e3o completa do Carnaval de S\u00e3o Sebasti\u00e3o 2024 nos sites da Prefeitura (<a href=\"http:\/\/www.saosebastiao.sp.gov.br\/\">www.saosebastiao.sp.gov.br<\/a>) e da Fundass (<a href=\"http:\/\/www.fundass.com.br\/\">www.fundass.com.br<\/a>).<\/p>\n<pre>Foto: Ricardo Matsukawa<\/pre>\n","protected":false},"excerpt":{"rendered":"<p>A Prefeitura de S\u00e3o Sebasti\u00e3o, por meio da Secretaria de Turismo (SETUR) e da Funda\u00e7\u00e3o Educacional e Cultural \u2018Deodato Sant\u2019Anna\u2019 (Fundass), prepara uma programa\u00e7\u00e3o especial para o Carnaval 2024 no munic\u00edpio, que ocorre de 8 a 13 de fevereiro. A extensa programa\u00e7\u00e3o promete reunir milhares de moradores e turistas de Costa Sul a Norte do [&hellip;]<\/p>\n","protected":false},"author":26,"featured_media":23097,"comment_status":"open","ping_status":"open","sticky":false,"template":"","format":"standard","meta":{"footnotes":""},"categories":[30,12,13],"tags":[],"class_list":["post-23096","post","type-post","status-publish","format-standard","has-post-thumbnail","hentry","category-cultura","category-eventos","category-sao-sebastiao"],"aioseo_notices":[],"_links":{"self":[{"href":"https:\/\/lrm67.com\/index.php\/wp-json\/wp\/v2\/posts\/23096","targetHints":{"allow":["GET"]}}],"collection":[{"href":"https:\/\/lrm67.com\/index.php\/wp-json\/wp\/v2\/posts"}],"about":[{"href":"https:\/\/lrm67.com\/index.php\/wp-json\/wp\/v2\/types\/post"}],"author":[{"embeddable":true,"href":"https:\/\/lrm67.com\/index.php\/wp-json\/wp\/v2\/users\/26"}],"replies":[{"embeddable":true,"href":"https:\/\/lrm67.com\/index.php\/wp-json\/wp\/v2\/comments?post=23096"}],"version-history":[{"count":1,"href":"https:\/\/lrm67.com\/index.php\/wp-json\/wp\/v2\/posts\/23096\/revisions"}],"predecessor-version":[{"id":23098,"href":"https:\/\/lrm67.com\/index.php\/wp-json\/wp\/v2\/posts\/23096\/revisions\/23098"}],"wp:featuredmedia":[{"embeddable":true,"href":"https:\/\/lrm67.com\/index.php\/wp-json\/wp\/v2\/media\/23097"}],"wp:attachment":[{"href":"https:\/\/lrm67.com\/index.php\/wp-json\/wp\/v2\/media?parent=23096"}],"wp:term":[{"taxonomy":"category","embeddable":true,"href":"https:\/\/lrm67.com\/index.php\/wp-json\/wp\/v2\/categories?post=23096"},{"taxonomy":"post_tag","embeddable":true,"href":"https:\/\/lrm67.com\/index.php\/wp-json\/wp\/v2\/tags?post=23096"}],"curies":[{"name":"wp","href":"https:\/\/api.w.org\/{rel}","templated":true}]}}