{"id":23092,"date":"2024-01-24T17:38:50","date_gmt":"2024-01-24T20:38:50","guid":{"rendered":"https:\/\/lrm67.com\/?p=23092"},"modified":"2024-01-24T17:38:50","modified_gmt":"2024-01-24T20:38:50","slug":"festa-do-padroeiro-tem-show-do-padre-fabio-de-melo-e-sorteio-de-mais-um-automovel","status":"publish","type":"post","link":"https:\/\/lrm67.com\/index.php\/2024\/01\/24\/festa-do-padroeiro-tem-show-do-padre-fabio-de-melo-e-sorteio-de-mais-um-automovel\/","title":{"rendered":"Festa do Padroeiro tem show do Padre F\u00e1bio de Melo e sorteio de mais um autom\u00f3vel"},"content":{"rendered":"<p>A Festa Social do Padroeiro de S\u00e3o Sebasti\u00e3o segue com diversas atra\u00e7\u00f5es no Complexo Tur\u00edstico da Rua da Praia. O evento, que \u00e9 organizado pela Par\u00f3quia S\u00e3o Sebasti\u00e3o e tem apoio da Prefeitura, ter\u00e1 a apresenta\u00e7\u00e3o do renomado cantor F\u00e1bio de Melo, nesta quinta-feira (25). A abertura ser\u00e1 com o cantor local Silas Rodrigues, a partir das 19h.<\/p>\n<p>A festa social vai at\u00e9 o dia 28 de janeiro, com barracas, food-trucks, feira de roupas e muitas comidas t\u00edpicas. Al\u00e9m disso, no fim de semana haver\u00e1 o show de pr\u00eamios com o sorteio de uma moto e um carro 0km, iPhone, o valor de R$ 1 mil em dinheiro e muito mais.<\/p>\n<p>O vice-prefeito e secret\u00e1rio de Sa\u00fade de S\u00e3o Sebasti\u00e3o, Reinaldinho Moreira, afirma que a hist\u00f3ria de S\u00e3o Sebasti\u00e3o est\u00e1 ligada diretamente com a igreja cat\u00f3lica e o governo sempre fomentou e valorizou a religiosidade dos sebastianenses seja ela qual for.<\/p>\n<p>\u201cEsta festa vem crescendo mais a cada ano e atraindo um grande p\u00fablico que procura o turismo religioso da nossa cidade. Precisamos sempre refor\u00e7ar a f\u00e9 do nosso povo e continuaremos trabalhando para que mais pessoas conhe\u00e7am essa tradicional festa da nossa cidade\u201d, completou o vice-prefeito.<\/p>\n<p>O padre da Par\u00f3quia de S\u00e3o Sebasti\u00e3o, Alessandro Henrique Coelho, explica que \u201ca festa representa a gratid\u00e3o \u00e0s b\u00ean\u00e7\u00e3os do Padroeiro da nossa querida cidade, que recebeu o nome do santo\u201d.<\/p>\n<p>\u201cTemos que agradecer todo o apoio dado pela Prefeitura para transformar esse momento de f\u00e9 em um verdadeiro espet\u00e1culo divino para todos os fi\u00e9is&#8221; complementou o padre.<\/p>\n<p><img fetchpriority=\"high\" decoding=\"async\" class=\"alignnone size-full wp-image-23093\" src=\"https:\/\/lrm67.com\/wp-content\/uploads\/2024\/01\/Dia-do-Padroeiro-em-Sao-Sebastiao-prefeito-Felipe-Augusto-participa-de-comemoracoes-com-mensagem-de-esperanca-e-celebracao-da-vida-b.jpeg\" alt=\"\" width=\"2560\" height=\"1440\" srcset=\"https:\/\/lrm67.com\/wp-content\/uploads\/2024\/01\/Dia-do-Padroeiro-em-Sao-Sebastiao-prefeito-Felipe-Augusto-participa-de-comemoracoes-com-mensagem-de-esperanca-e-celebracao-da-vida-b.jpeg 2560w, https:\/\/lrm67.com\/wp-content\/uploads\/2024\/01\/Dia-do-Padroeiro-em-Sao-Sebastiao-prefeito-Felipe-Augusto-participa-de-comemoracoes-com-mensagem-de-esperanca-e-celebracao-da-vida-b-300x169.jpeg 300w, https:\/\/lrm67.com\/wp-content\/uploads\/2024\/01\/Dia-do-Padroeiro-em-Sao-Sebastiao-prefeito-Felipe-Augusto-participa-de-comemoracoes-com-mensagem-de-esperanca-e-celebracao-da-vida-b-1024x576.jpeg 1024w, https:\/\/lrm67.com\/wp-content\/uploads\/2024\/01\/Dia-do-Padroeiro-em-Sao-Sebastiao-prefeito-Felipe-Augusto-participa-de-comemoracoes-com-mensagem-de-esperanca-e-celebracao-da-vida-b-768x432.jpeg 768w, https:\/\/lrm67.com\/wp-content\/uploads\/2024\/01\/Dia-do-Padroeiro-em-Sao-Sebastiao-prefeito-Felipe-Augusto-participa-de-comemoracoes-com-mensagem-de-esperanca-e-celebracao-da-vida-b-1536x864.jpeg 1536w, https:\/\/lrm67.com\/wp-content\/uploads\/2024\/01\/Dia-do-Padroeiro-em-Sao-Sebastiao-prefeito-Felipe-Augusto-participa-de-comemoracoes-com-mensagem-de-esperanca-e-celebracao-da-vida-b-2048x1152.jpeg 2048w\" sizes=\"(max-width: 2560px) 100vw, 2560px\" \/><\/p>\n","protected":false},"excerpt":{"rendered":"<p>A Festa Social do Padroeiro de S\u00e3o Sebasti\u00e3o segue com diversas atra\u00e7\u00f5es no Complexo Tur\u00edstico da Rua da Praia. O evento, que \u00e9 organizado pela Par\u00f3quia S\u00e3o Sebasti\u00e3o e tem apoio da Prefeitura, ter\u00e1 a apresenta\u00e7\u00e3o do renomado cantor F\u00e1bio de Melo, nesta quinta-feira (25). A abertura ser\u00e1 com o cantor local Silas Rodrigues, a [&hellip;]<\/p>\n","protected":false},"author":26,"featured_media":23094,"comment_status":"open","ping_status":"open","sticky":false,"template":"","format":"standard","meta":{"footnotes":""},"categories":[12,13],"tags":[],"class_list":["post-23092","post","type-post","status-publish","format-standard","has-post-thumbnail","hentry","category-eventos","category-sao-sebastiao"],"aioseo_notices":[],"_links":{"self":[{"href":"https:\/\/lrm67.com\/index.php\/wp-json\/wp\/v2\/posts\/23092","targetHints":{"allow":["GET"]}}],"collection":[{"href":"https:\/\/lrm67.com\/index.php\/wp-json\/wp\/v2\/posts"}],"about":[{"href":"https:\/\/lrm67.com\/index.php\/wp-json\/wp\/v2\/types\/post"}],"author":[{"embeddable":true,"href":"https:\/\/lrm67.com\/index.php\/wp-json\/wp\/v2\/users\/26"}],"replies":[{"embeddable":true,"href":"https:\/\/lrm67.com\/index.php\/wp-json\/wp\/v2\/comments?post=23092"}],"version-history":[{"count":1,"href":"https:\/\/lrm67.com\/index.php\/wp-json\/wp\/v2\/posts\/23092\/revisions"}],"predecessor-version":[{"id":23095,"href":"https:\/\/lrm67.com\/index.php\/wp-json\/wp\/v2\/posts\/23092\/revisions\/23095"}],"wp:featuredmedia":[{"embeddable":true,"href":"https:\/\/lrm67.com\/index.php\/wp-json\/wp\/v2\/media\/23094"}],"wp:attachment":[{"href":"https:\/\/lrm67.com\/index.php\/wp-json\/wp\/v2\/media?parent=23092"}],"wp:term":[{"taxonomy":"category","embeddable":true,"href":"https:\/\/lrm67.com\/index.php\/wp-json\/wp\/v2\/categories?post=23092"},{"taxonomy":"post_tag","embeddable":true,"href":"https:\/\/lrm67.com\/index.php\/wp-json\/wp\/v2\/tags?post=23092"}],"curies":[{"name":"wp","href":"https:\/\/api.w.org\/{rel}","templated":true}]}}