{"id":23085,"date":"2024-01-24T13:06:41","date_gmt":"2024-01-24T16:06:41","guid":{"rendered":"https:\/\/lrm67.com\/?p=23085"},"modified":"2024-01-24T13:10:00","modified_gmt":"2024-01-24T16:10:00","slug":"defensora-da-familia-dra-diana-confirma-pre-candidatura-a-prefeitura-de-ilhabela","status":"publish","type":"post","link":"https:\/\/lrm67.com\/index.php\/2024\/01\/24\/defensora-da-familia-dra-diana-confirma-pre-candidatura-a-prefeitura-de-ilhabela\/","title":{"rendered":"Defensora da fam\u00edlia, Dra. Diana confirma pr\u00e9-candidatura a Prefeitura de Ilhabela"},"content":{"rendered":"<p>Marcello Ver\u00edssimo<\/p>\n<p>Os pr\u00e9-candidatos \u00e0 prefeitura de Ilhabela j\u00e1 deram o start nos trabalhos, mesmo que ainda n\u00e3o oficialmente, as elei\u00e7\u00f5es municipais de outubro. O mais recente an\u00fancio \u00e9 da atual vereadora Dra. Diana Almeida (PL), que entra na disputa pela primeira vez para o mais alto cargo do Poder Executivo.<\/p>\n<p>Apesar de estar filiada ao PL, mesmo partido do atual prefeito Toninho Colucci, a vereadora notoriamente n\u00e3o compactua dos mesmos objetivos de Toninho, mas no chamado fim da janela de transfer\u00eancia ela deve mudar de partido na reta final para o pleito.<\/p>\n<p>A vereadora \u00e9 competente e possui conhecimento na \u00e1rea jur\u00eddica e administrativa. Ela \u00e9 ex-procuradora do munic\u00edpio, advogada, casada e tem tr\u00eas filhos.<\/p>\n<p>Atualmente, Diana Almeida \u00e9 a \u00fanica mulher na C\u00e2mara ilh\u00e9u. Foi a vereadora mais votada nas \u00faltimas elei\u00e7\u00f5es municipais, em 2022, com 719 votos, al\u00e9m de j\u00e1 ter presidido o \u00f3rg\u00e3o.<\/p>\n<h2>Luta<\/h2>\n<p>Entre suas principais bandeiras de luta, est\u00e3o a defesa das mulheres, gestantes, pessoas portadoras de defici\u00eancia f\u00edsica e pautas com \u00e2mbito de interesse social.<\/p>\n<p>Em 2017, ela criou o N\u00facleo de Apoio Familiar em que realiza a\u00e7\u00f5es em prol das fam\u00edlias de pessoas com defici\u00eancia, que atualmente atende mais de 40 fam\u00edlias do arquip\u00e9lago.<\/p>\n","protected":false},"excerpt":{"rendered":"<p>Marcello Ver\u00edssimo Os pr\u00e9-candidatos \u00e0 prefeitura de Ilhabela j\u00e1 deram o start nos trabalhos, mesmo que ainda n\u00e3o oficialmente, as elei\u00e7\u00f5es municipais de outubro. O mais recente an\u00fancio \u00e9 da atual vereadora Dra. Diana Almeida (PL), que entra na disputa pela primeira vez para o mais alto cargo do Poder Executivo. Apesar de estar filiada [&hellip;]<\/p>\n","protected":false},"author":28,"featured_media":23086,"comment_status":"open","ping_status":"open","sticky":false,"template":"","format":"standard","meta":{"footnotes":""},"categories":[7,3,16],"tags":[],"class_list":["post-23085","post","type-post","status-publish","format-standard","has-post-thumbnail","hentry","category-destaque","category-ilhabela","category-politica"],"aioseo_notices":[],"_links":{"self":[{"href":"https:\/\/lrm67.com\/index.php\/wp-json\/wp\/v2\/posts\/23085","targetHints":{"allow":["GET"]}}],"collection":[{"href":"https:\/\/lrm67.com\/index.php\/wp-json\/wp\/v2\/posts"}],"about":[{"href":"https:\/\/lrm67.com\/index.php\/wp-json\/wp\/v2\/types\/post"}],"author":[{"embeddable":true,"href":"https:\/\/lrm67.com\/index.php\/wp-json\/wp\/v2\/users\/28"}],"replies":[{"embeddable":true,"href":"https:\/\/lrm67.com\/index.php\/wp-json\/wp\/v2\/comments?post=23085"}],"version-history":[{"count":2,"href":"https:\/\/lrm67.com\/index.php\/wp-json\/wp\/v2\/posts\/23085\/revisions"}],"predecessor-version":[{"id":23088,"href":"https:\/\/lrm67.com\/index.php\/wp-json\/wp\/v2\/posts\/23085\/revisions\/23088"}],"wp:featuredmedia":[{"embeddable":true,"href":"https:\/\/lrm67.com\/index.php\/wp-json\/wp\/v2\/media\/23086"}],"wp:attachment":[{"href":"https:\/\/lrm67.com\/index.php\/wp-json\/wp\/v2\/media?parent=23085"}],"wp:term":[{"taxonomy":"category","embeddable":true,"href":"https:\/\/lrm67.com\/index.php\/wp-json\/wp\/v2\/categories?post=23085"},{"taxonomy":"post_tag","embeddable":true,"href":"https:\/\/lrm67.com\/index.php\/wp-json\/wp\/v2\/tags?post=23085"}],"curies":[{"name":"wp","href":"https:\/\/api.w.org\/{rel}","templated":true}]}}