{"id":23081,"date":"2024-01-24T05:15:50","date_gmt":"2024-01-24T08:15:50","guid":{"rendered":"https:\/\/lrm67.com\/?p=23081"},"modified":"2024-01-24T12:16:57","modified_gmt":"2024-01-24T15:16:57","slug":"provas-para-concurso-publico-da-policia-municipal-ocorrem-neste-domingo","status":"publish","type":"post","link":"https:\/\/lrm67.com\/index.php\/2024\/01\/24\/provas-para-concurso-publico-da-policia-municipal-ocorrem-neste-domingo\/","title":{"rendered":"Provas para concurso p\u00fablico da Pol\u00edcia Municipal ocorrem neste domingo"},"content":{"rendered":"<p>As provas para o Concurso P\u00fablico n\u00ba 01\/2023, destinado ao preenchimento de 50 vagas de Pol\u00edcia Municipal, ser\u00e3o realizadas neste domingo (28), em 12 unidades escolares municipais e estaduais. S\u00e3o 3.829 inscritos, o que d\u00e1 uma m\u00e9dia de 76,58 candidato por vaga.<\/p>\n<p>A abertura dos port\u00f5es ser\u00e1 \u00e0s 8h e o fechamento \u00e0s 8h30, quando ter\u00e1 in\u00edcio a aplica\u00e7\u00e3o da prova objetiva. Os candidatos foram divididos conforme as iniciais dos seus nomes. Confira os nomes e os locais da prova no link\u00a0<a href=\"https:\/\/www.saosebastiao.sp.gov.br\/sistemas\/procseletivo\/files.asp?Doc=1.2023.1&amp;Mod=1\" target=\"_blank\" rel=\"noopener\">https:\/\/www.saosebastiao.sp.gov.br\/sistemas\/procseletivo\/files.asp?Doc=1.2023.1&amp;Mod=1<\/a>.<\/p>\n<p>A orienta\u00e7\u00e3o \u00e9 que os candidatos verifiquem os locais com anteced\u00eancia, a disponibilidade de estacionamento e vagas nas imedia\u00e7\u00f5es, as op\u00e7\u00f5es de transporte p\u00fablico, bem como as rotas e tempo de deslocamento.<\/p>\n<p>Conforme o cronograma feito pelo do Instituto Brasileiro de Administra\u00e7\u00e3o Municipal (IBAM), respons\u00e1vel pela organiza\u00e7\u00e3o do concurso, a divulga\u00e7\u00e3o do gabarito ser\u00e1 no dia 30 de janeiro. Os recursos devem ser registrados no dia 31 de janeiro e 1\u00ba de fevereiro.<\/p>\n<p>Os resultados dos recursos e notas das provas objetivas saem no dia 16 de fevereiro. J\u00e1 os recursos contras as notas devem ser feitos nos dias 19 e 20 de fevereiro.<\/p>\n<p>Os resultados dos aprovados nas provas objetivas, bem como a convoca\u00e7\u00e3o para o Teste de Aptid\u00e3o F\u00edsica (TAF), saem no dia 23 de fevereiro.<\/p>\n<p><strong>Orienta\u00e7\u00e3o<\/strong><\/p>\n<p>O candidato que se apresentar ap\u00f3s o hor\u00e1rio determinado pelo Edital de Convoca\u00e7\u00e3o para fechamento dos port\u00f5es ser\u00e1 automaticamente exclu\u00eddo do Certame, seja qual for o motivo alegado para seu atraso.<\/p>\n<p>O candidato deve levar documento original de identidade e dentro do prazo de validade que bem o identifique, entre eles, RG Carteira Expedida por \u00d3rg\u00e3o ou Conselho de Classe; Certificado de Reservista; Carteira de Trabalho e Previd\u00eancia Social, bem como Carteira Nacional de Habilita\u00e7\u00e3o com foto ou Passaporte. No caso de documento digital somente ser\u00e1 admitido o candidato que apresentar a CNH e\/ou RG por aplicativos oficiais em smartphone.<\/p>\n<p>O candidato dever\u00e1 comparecer ao local designado munido de caneta esferogr\u00e1fica de tinta preta ou azul, l\u00e1pis preto e borracha.<\/p>\n<p>Durante a realiza\u00e7\u00e3o das provas, n\u00e3o ser\u00e1 permitida nenhuma esp\u00e9cie de consulta ou comunica\u00e7\u00e3o entre os candidatos, nem a utiliza\u00e7\u00e3o de livros, c\u00f3digos, manuais, impressos ou quaisquer anota\u00e7\u00f5es.<\/p>\n<p>As provas objetivas ter\u00e3o dura\u00e7\u00e3o de tr\u00eas horas (incluindo o tempo para preenchimento da folha de respostas).<\/p>\n<p>Somente ap\u00f3s decorrido o tempo de uma hora e meia de in\u00edcio das provas, o candidato poder\u00e1 deixar definitivamente a sala de aplica\u00e7\u00e3o e levar consigo o Caderno de Quest\u00f5es da Prova Objetiva.<\/p>\n<p>O candidato poder\u00e1 informar-se quanto \u00e0 sala onde realizar\u00e1 sua prova atrav\u00e9s das listas que ser\u00e3o afixadas nos locais de aplica\u00e7\u00e3o das provas ou atrav\u00e9s do site no link abaixo:<\/p>\n<p><a href=\"https:\/\/www.ibamsp-concursos.org.br\/site\/concursos\/areadocandidato\/771\" target=\"_blank\" rel=\"noopener\">https:\/\/www.ibamsp-concursos.org.br\/site\/concursos\/areadocandidato\/771<\/a><\/p>\n<p>&nbsp;<\/p>\n<p><img fetchpriority=\"high\" decoding=\"async\" class=\"aligncenter size-full wp-image-23083\" src=\"https:\/\/lrm67.com\/wp-content\/uploads\/2024\/01\/image-50.jpeg\" alt=\"\" width=\"655\" height=\"463\" srcset=\"https:\/\/lrm67.com\/wp-content\/uploads\/2024\/01\/image-50.jpeg 655w, https:\/\/lrm67.com\/wp-content\/uploads\/2024\/01\/image-50-300x212.jpeg 300w\" sizes=\"(max-width: 655px) 100vw, 655px\" \/><\/p>\n","protected":false},"excerpt":{"rendered":"<p>As provas para o Concurso P\u00fablico n\u00ba 01\/2023, destinado ao preenchimento de 50 vagas de Pol\u00edcia Municipal, ser\u00e3o realizadas neste domingo (28), em 12 unidades escolares municipais e estaduais. S\u00e3o 3.829 inscritos, o que d\u00e1 uma m\u00e9dia de 76,58 candidato por vaga. A abertura dos port\u00f5es ser\u00e1 \u00e0s 8h e o fechamento \u00e0s 8h30, quando [&hellip;]<\/p>\n","protected":false},"author":28,"featured_media":23082,"comment_status":"open","ping_status":"open","sticky":false,"template":"","format":"standard","meta":{"footnotes":""},"categories":[7,2,13],"tags":[],"class_list":["post-23081","post","type-post","status-publish","format-standard","has-post-thumbnail","hentry","category-destaque","category-geral","category-sao-sebastiao"],"aioseo_notices":[],"_links":{"self":[{"href":"https:\/\/lrm67.com\/index.php\/wp-json\/wp\/v2\/posts\/23081","targetHints":{"allow":["GET"]}}],"collection":[{"href":"https:\/\/lrm67.com\/index.php\/wp-json\/wp\/v2\/posts"}],"about":[{"href":"https:\/\/lrm67.com\/index.php\/wp-json\/wp\/v2\/types\/post"}],"author":[{"embeddable":true,"href":"https:\/\/lrm67.com\/index.php\/wp-json\/wp\/v2\/users\/28"}],"replies":[{"embeddable":true,"href":"https:\/\/lrm67.com\/index.php\/wp-json\/wp\/v2\/comments?post=23081"}],"version-history":[{"count":1,"href":"https:\/\/lrm67.com\/index.php\/wp-json\/wp\/v2\/posts\/23081\/revisions"}],"predecessor-version":[{"id":23084,"href":"https:\/\/lrm67.com\/index.php\/wp-json\/wp\/v2\/posts\/23081\/revisions\/23084"}],"wp:featuredmedia":[{"embeddable":true,"href":"https:\/\/lrm67.com\/index.php\/wp-json\/wp\/v2\/media\/23082"}],"wp:attachment":[{"href":"https:\/\/lrm67.com\/index.php\/wp-json\/wp\/v2\/media?parent=23081"}],"wp:term":[{"taxonomy":"category","embeddable":true,"href":"https:\/\/lrm67.com\/index.php\/wp-json\/wp\/v2\/categories?post=23081"},{"taxonomy":"post_tag","embeddable":true,"href":"https:\/\/lrm67.com\/index.php\/wp-json\/wp\/v2\/tags?post=23081"}],"curies":[{"name":"wp","href":"https:\/\/api.w.org\/{rel}","templated":true}]}}