{"id":23075,"date":"2024-01-24T12:14:59","date_gmt":"2024-01-24T15:14:59","guid":{"rendered":"https:\/\/lrm67.com\/?p=23075"},"modified":"2024-01-24T12:14:59","modified_gmt":"2024-01-24T15:14:59","slug":"prefeitura-de-sao-sebastiao-realiza-feira-de-adocao-de-gatos-nesta-sexta-feira","status":"publish","type":"post","link":"https:\/\/lrm67.com\/index.php\/2024\/01\/24\/prefeitura-de-sao-sebastiao-realiza-feira-de-adocao-de-gatos-nesta-sexta-feira\/","title":{"rendered":"Prefeitura de S\u00e3o Sebasti\u00e3o realiza Feira de Ado\u00e7\u00e3o de Gatos nesta sexta-feira"},"content":{"rendered":"<p>A Prefeitura de S\u00e3o Sebasti\u00e3o, por meio do Centro de Controle de Zoonoses (CCZ), realiza, nesta sexta-feira (26), a primeira Feira de Ado\u00e7\u00e3o de Gatos deste ano. Ser\u00e1 das 13h30 \u00e0s 16h ao lado do estacionamento do Supermercado Semar, na Rua Anjolino Viola, 318, na regi\u00e3o central do munic\u00edpio. Em caso de chuva, o evento poder\u00e1 ser cancelado.<\/p>\n<p>Para adotar um gato, \u00e9 necess\u00e1rio ter 18 anos ou mais e apresentar documento com foto e comprovante de resid\u00eancia.<\/p>\n<p>Todos os animais dispon\u00edveis na feira estar\u00e3o vermifugados. Os adultos s\u00e3o castrados e os filhotes ter\u00e3o o procedimento garantido para quando atingirem a idade necess\u00e1ria \u00e0 cirurgia.<\/p>\n<p>O Centro de Controle de Zoonoses tem um grande n\u00famero de c\u00e3es e gatos aguardando um novo lar. As ado\u00e7\u00f5es podem ser feitas no local, de segunda a sexta-feira, das 10h \u00e0s 16h30. O endere\u00e7o \u00e9 Avenida Dario Leite Carrijo, 2.800 A, bairro Jaragu\u00e1, Costa Norte do munic\u00edpio. Mais informa\u00e7\u00f5es pelo telefone (12) 3861-2555.<\/p>\n","protected":false},"excerpt":{"rendered":"<p>A Prefeitura de S\u00e3o Sebasti\u00e3o, por meio do Centro de Controle de Zoonoses (CCZ), realiza, nesta sexta-feira (26), a primeira Feira de Ado\u00e7\u00e3o de Gatos deste ano. Ser\u00e1 das 13h30 \u00e0s 16h ao lado do estacionamento do Supermercado Semar, na Rua Anjolino Viola, 318, na regi\u00e3o central do munic\u00edpio. Em caso de chuva, o evento [&hellip;]<\/p>\n","protected":false},"author":28,"featured_media":23076,"comment_status":"open","ping_status":"open","sticky":false,"template":"","format":"standard","meta":{"footnotes":""},"categories":[2,13],"tags":[],"class_list":["post-23075","post","type-post","status-publish","format-standard","has-post-thumbnail","hentry","category-geral","category-sao-sebastiao"],"aioseo_notices":[],"_links":{"self":[{"href":"https:\/\/lrm67.com\/index.php\/wp-json\/wp\/v2\/posts\/23075","targetHints":{"allow":["GET"]}}],"collection":[{"href":"https:\/\/lrm67.com\/index.php\/wp-json\/wp\/v2\/posts"}],"about":[{"href":"https:\/\/lrm67.com\/index.php\/wp-json\/wp\/v2\/types\/post"}],"author":[{"embeddable":true,"href":"https:\/\/lrm67.com\/index.php\/wp-json\/wp\/v2\/users\/28"}],"replies":[{"embeddable":true,"href":"https:\/\/lrm67.com\/index.php\/wp-json\/wp\/v2\/comments?post=23075"}],"version-history":[{"count":1,"href":"https:\/\/lrm67.com\/index.php\/wp-json\/wp\/v2\/posts\/23075\/revisions"}],"predecessor-version":[{"id":23077,"href":"https:\/\/lrm67.com\/index.php\/wp-json\/wp\/v2\/posts\/23075\/revisions\/23077"}],"wp:featuredmedia":[{"embeddable":true,"href":"https:\/\/lrm67.com\/index.php\/wp-json\/wp\/v2\/media\/23076"}],"wp:attachment":[{"href":"https:\/\/lrm67.com\/index.php\/wp-json\/wp\/v2\/media?parent=23075"}],"wp:term":[{"taxonomy":"category","embeddable":true,"href":"https:\/\/lrm67.com\/index.php\/wp-json\/wp\/v2\/categories?post=23075"},{"taxonomy":"post_tag","embeddable":true,"href":"https:\/\/lrm67.com\/index.php\/wp-json\/wp\/v2\/tags?post=23075"}],"curies":[{"name":"wp","href":"https:\/\/api.w.org\/{rel}","templated":true}]}}