{"id":22924,"date":"2024-01-20T10:20:52","date_gmt":"2024-01-20T13:20:52","guid":{"rendered":"https:\/\/lrm67.com\/?p=22924"},"modified":"2024-01-20T10:30:02","modified_gmt":"2024-01-20T13:30:02","slug":"menos-de-10-das-prefeituras-de-sao-paulo-tem-administracoes-efetivas-mostra-indicador-do-tcesp","status":"publish","type":"post","link":"https:\/\/lrm67.com\/index.php\/2024\/01\/20\/menos-de-10-das-prefeituras-de-sao-paulo-tem-administracoes-efetivas-mostra-indicador-do-tcesp\/","title":{"rendered":"Menos de 10% das Prefeituras de S\u00e3o Paulo t\u00eam administra\u00e7\u00f5es efetivas, mostra indicador do TCESP"},"content":{"rendered":"<h4><em>No Litoral Norte, Ilhabela e Ubatuba tiveram melhores avalia\u00e7\u00f5es em 2023, comparado a 2022; j\u00e1 S\u00e3o Sebasti\u00e3o e Caraguatatuba mantiveram avalia\u00e7\u00f5es de baixa efetividade nos anos de 2022 e 2023.<\/em><\/h4>\n<p>&nbsp;<\/p>\n<p>Levantamento feito pelo Tribunal de Contas do Estado de S\u00e3o Paulo (TCESP) revela que as gest\u00f5es de apenas 52 (8%) dos 644 munic\u00edpios fiscalizados pela Corte podem ser consideradas efetivas. A avalia\u00e7\u00e3o \u00e9 resultado do \u00cdndice de Efetividade da Gest\u00e3o Municipal (IEG-M) de 2023, criado pelo TCESP para mediar a efici\u00eancia das Prefeituras.<\/p>\n<p>O indicador prev\u00ea cinco faixas de classifica\u00e7\u00e3o das administra\u00e7\u00f5es: \u2018altamente efetiva\u2019 (nota A), \u2018muito efetiva\u2019 (B+), \u2018efetiva\u2019 (B), \u2018em fase de adequa\u00e7\u00e3o\u2019 (C+) e com \u2018baixo n\u00edvel de adequa\u00e7\u00e3o\u2019 (C). Pelo segundo ano consecutivo, a maioria das cidades paulistas auditadas pelo Tribunal (todas, exceto a Capital) recebeu a pior nota (C).<\/p>\n<p>Sete \u00e1reas s\u00e3o analisadas: sa\u00fade, educa\u00e7\u00e3o, planejamento, gest\u00e3o fiscal, seguran\u00e7a das cidades (Defesa Civil), meio ambiente e governan\u00e7a em tecnologia da informa\u00e7\u00e3o.<\/p>\n<p>\u201cFazemos esse levantamento desde 2015 e a situa\u00e7\u00e3o vem piorando. Isso \u00e9 incompreens\u00edvel porque o IEG-M \u00e9 n\u00e3o s\u00f3 um instrumento de fiscaliza\u00e7\u00e3o, mas tamb\u00e9m uma ferramenta para que os Prefeitos possam avaliar suas pol\u00edticas p\u00fablicas, examinando a eventual necessidade de corre\u00e7\u00e3o de rumos, redefini\u00e7\u00e3o de prioridades e consolida\u00e7\u00e3o do planejamento\u201d, afirmou o Presidente da Corte, Sidney Beraldo.<\/p>\n<p>Os dados de 2023, coletados ao longo de 2022, mostram que 369 munic\u00edpios receberam avalia\u00e7\u00e3o geral C; 223, C+; e 52, B. Nenhuma cidade foi classificada como \u2018muito efetiva\u2019 ou \u2018altamente efetiva\u2019.<\/p>\n<p>\u201cO Prefeito que, ao longo do mandato, n\u00e3o conseguiu melhorar poder\u00e1 receber um parecer desfavor\u00e1vel em suas contas. Esse n\u00e3o \u00e9 o nosso desejo. Muito pelo contr\u00e1rio. Queremos que a gest\u00e3o sempre melhore porque quem ganha com isso \u00e9 a sociedade\u201d, explicou o Presidente. \u201cMas vimos que, dos 123 Prefeitos reeleitos, temos 39 que estavam no B e foram para o C ou C+. Ent\u00e3o houve uma queda\u201d, completou Beraldo.<\/p>\n<p>Vice-Presidente da Corte, Renato Martins Costa tamb\u00e9m participou do evento. \u201cN\u00e3o piorar \u00e9 o m\u00ednimo que se pode exigir de uma administra\u00e7\u00e3o respons\u00e1vel e que busca cumprir os compromissos que levaram aquele administrador a ser eleito\u201d, declarou o Conselheiro.<\/p>\n<p>\u201cO que mais importa na a\u00e7\u00e3o do Tribunal de Contas \u00e9 o resultado das pol\u00edticas p\u00fablicas. E o IEG-M veio para indicar onde est\u00e3o os pontos fracos dos munic\u00edpios em raz\u00e3o de problemas de gest\u00e3o\u201d, disse S\u00e9rgio Ciquera Rossi, Secret\u00e1rio-Diretor Geral da Corte.<\/p>\n<p>Na classifica\u00e7\u00e3o por \u00e1rea, as Prefeituras tiveram pior desempenho no planejamento. J\u00e1 o melhor ocorreu na gest\u00e3o fiscal.<\/p>\n<p>O IEGM foi criado em 2015 pelo TCE para medir a efici\u00eancia dos munic\u00edpios paulistas. S\u00e3o avaliados 213 par\u00e2metros em sete \u00e1reas: sa\u00fade, educa\u00e7\u00e3o, planejamento, gest\u00e3o fiscal, prote\u00e7\u00e3o das cidades (Defesa Civil), meio ambiente e governan\u00e7a da tecnologia da informa\u00e7\u00e3o.<\/p>\n<div id=\"chunk-d0srq\">\n<div class=\"mc-column content-text active-extra-styles\" data-block-type=\"raw\" data-block-weight=\"16\" data-block-id=\"4\">\n<p><strong><span class=\"highlight highlighted\">As notas de classifica\u00e7\u00e3o s\u00e3o:<\/span><\/strong><\/p>\n<\/div>\n<\/div>\n<div id=\"chunk-avth2\">\n<div class=\"mc-column content-text active-extra-styles\" data-block-type=\"raw\" data-block-weight=\"23\" data-block-id=\"7\">\n<ul class=\"content-unordered-list\">\n<li>A = Altamente efetiva;<\/li>\n<li>B+ = Muito efetiva;<\/li>\n<li>B = Efetiva;<\/li>\n<li>C+ = Em fase de adequa\u00e7\u00e3o;<\/li>\n<li>C = Baixo n\u00edvel de adequa\u00e7\u00e3o.<\/li>\n<\/ul>\n<p>O levantamento do TCE foi divulgado na noite da quinta-feira (18). Veja na \u00edntegra aqui: <a href=\"https:\/\/www.tce.sp.gov.br\/www.tce.sp.gov.br\/iegm\">www.tce.sp.gov.br\/iegm<\/a>.<\/p>\n<div class=\"photoswipe-gallery\" data-pswp-uid=\"1\">\n<h2 class=\"photoswipe-gallery\" data-pswp-uid=\"2\">Vale do Para\u00edba e Litoral Norte<\/h2>\n<\/div>\n<\/div>\n<\/div>\n<div id=\"chunk-d0srq\">\n<div class=\"mc-column content-text active-extra-styles\" data-block-type=\"raw\" data-block-weight=\"16\" data-block-id=\"4\">De acordo com o balan\u00e7o divulgado pelo TCE, duas cidades da regi\u00e3o tiveram classifica\u00e7\u00e3o \u201cB\u201d, que \u00e9 a nota dada quando a gest\u00e3o do munic\u00edpio \u00e9 considerada \u201cefetiva\u201d. S\u00e3o elas: S\u00e3o Jos\u00e9 dos Campos e Bragan\u00e7a Paulista. S\u00e3o Sebasti\u00e3o e Caraguatatuba ficaram com avalia\u00e7\u00f5es consideradas de baixo n\u00edvel de adequa\u00e7\u00e3o C, nos anos de 2022 e 2023, enquanto Ilhabela e Ubatuba obtiveram melhora em 2023 subindo para C+ (em fase de adequa\u00e7\u00e3o), comparado com 2022 que obtiveram nota C.<\/div>\n<div data-block-type=\"raw\" data-block-weight=\"16\" data-block-id=\"4\"><\/div>\n<div class=\"mc-column content-text active-extra-styles\" data-block-type=\"raw\" data-block-weight=\"16\" data-block-id=\"4\">\n<div id=\"chunk-27rj9\">\n<div class=\"mc-column content-text active-extra-styles \" data-block-type=\"unstyled\" data-block-weight=\"32\" data-block-id=\"10\">\n<p class=\" content-text__container \" data-track-category=\"Link no Texto\" data-track-links=\"\"><strong>Avalia\u00e7\u00e3o das cidades no IEGM<\/strong><\/p>\n<\/div>\n<\/div>\n<div id=\"chunk-a8pbu\">\n<div class=\"row medium-uncollapsed content-text\" data-block-type=\"table-plugin\" data-block-id=\"15\">\n<div class=\"column medium-centered medium-22 large-20\">\n<div class=\"show-table content-media content-media--normal\">\n<div class=\"show-table__centralized\">\n<div class=\"show-table__container\">\n<table class=\"show-table__content show-table__content--highlight-top \" style=\"height: 1542px;\" width=\"726\">\n<tbody>\n<tr>\n<td>Cidades<\/td>\n<td>2022<\/td>\n<td>2023<\/td>\n<\/tr>\n<tr>\n<td>Aparecida<\/td>\n<td>C<\/td>\n<td>C<\/td>\n<\/tr>\n<tr>\n<td>Arape\u00ed<\/td>\n<td>C<\/td>\n<td>C+<\/td>\n<\/tr>\n<tr>\n<td>Areias<\/td>\n<td>C<\/td>\n<td>C<\/td>\n<\/tr>\n<tr>\n<td>Atibaia<\/td>\n<td>C<\/td>\n<td>C+<\/td>\n<\/tr>\n<tr>\n<td>Bananal<\/td>\n<td>C<\/td>\n<td>C<\/td>\n<\/tr>\n<tr>\n<td>Bom Jesus dos Perd\u00f5es<\/td>\n<td>C<\/td>\n<td>C<\/td>\n<\/tr>\n<tr>\n<td>Bragan\u00e7a Paulista<\/td>\n<td>B<\/td>\n<td>B<\/td>\n<\/tr>\n<tr>\n<td>Ca\u00e7apava<\/td>\n<td>C<\/td>\n<td>C+<\/td>\n<\/tr>\n<tr>\n<td>Cachoeira Paulista<\/td>\n<td>C<\/td>\n<td>C<\/td>\n<\/tr>\n<tr>\n<td>Campos do Jord\u00e3o<\/td>\n<td>C<\/td>\n<td>C<\/td>\n<\/tr>\n<tr>\n<td>Canas<\/td>\n<td>C<\/td>\n<td>C+<\/td>\n<\/tr>\n<tr>\n<td>\n<h4>Caraguatatuba<\/h4>\n<\/td>\n<td>\n<h4>C<\/h4>\n<\/td>\n<td>\n<h4>C<\/h4>\n<\/td>\n<\/tr>\n<tr>\n<td>Cruzeiro<\/td>\n<td>C<\/td>\n<td>C<\/td>\n<\/tr>\n<tr>\n<td>Cunha<\/td>\n<td>C<\/td>\n<td>C<\/td>\n<\/tr>\n<tr>\n<td>Guaratinguet\u00e1<\/td>\n<td>C+<\/td>\n<td>C<\/td>\n<\/tr>\n<tr>\n<td>Igarat\u00e1<\/td>\n<td>C<\/td>\n<td>C<\/td>\n<\/tr>\n<tr>\n<td>\n<h4>Ilhabela<\/h4>\n<\/td>\n<td>\n<h4>C<\/h4>\n<\/td>\n<td>\n<h4>C+<\/h4>\n<\/td>\n<\/tr>\n<tr>\n<td>Jacare\u00ed<\/td>\n<td>C<\/td>\n<td>C+<\/td>\n<\/tr>\n<tr>\n<td>Jambeiro<\/td>\n<td>C<\/td>\n<td>C+<\/td>\n<\/tr>\n<tr>\n<td>Joan\u00f3polis<\/td>\n<td>C+<\/td>\n<td>C+<\/td>\n<\/tr>\n<tr>\n<td>Lagoinha<\/td>\n<td>C+<\/td>\n<td>C<\/td>\n<\/tr>\n<tr>\n<td>Lavrinhas<\/td>\n<td>C<\/td>\n<td>C<\/td>\n<\/tr>\n<tr>\n<td>Lorena<\/td>\n<td>C+<\/td>\n<td>C+<\/td>\n<\/tr>\n<tr>\n<td>Monteiro Lobato<\/td>\n<td>C<\/td>\n<td>C+<\/td>\n<\/tr>\n<tr>\n<td>Natividade da Serra<\/td>\n<td>C<\/td>\n<td>C<\/td>\n<\/tr>\n<tr>\n<td>Nazar\u00e9 Paulista<\/td>\n<td>C<\/td>\n<td>C<\/td>\n<\/tr>\n<tr>\n<td>Paraibuna<\/td>\n<td>C<\/td>\n<td>C<\/td>\n<\/tr>\n<tr>\n<td>Pindamonhangaba<\/td>\n<td>C<\/td>\n<td>C+<\/td>\n<\/tr>\n<tr>\n<td>Piquete<\/td>\n<td>C<\/td>\n<td>C<\/td>\n<\/tr>\n<tr>\n<td>Piracaia<\/td>\n<td>C<\/td>\n<td>C<\/td>\n<\/tr>\n<tr>\n<td>Potim<\/td>\n<td>C+<\/td>\n<td>C+<\/td>\n<\/tr>\n<tr>\n<td>Queluz<\/td>\n<td>C<\/td>\n<td>C<\/td>\n<\/tr>\n<tr>\n<td>Reden\u00e7\u00e3o da Serra<\/td>\n<td>C<\/td>\n<td>C<\/td>\n<\/tr>\n<tr>\n<td>Roseira<\/td>\n<td>C<\/td>\n<td>C<\/td>\n<\/tr>\n<tr>\n<td>Santa Branca<\/td>\n<td>C<\/td>\n<td>C<\/td>\n<\/tr>\n<tr>\n<td>Santo Ant\u00f4nio do Pinhal<\/td>\n<td>C+<\/td>\n<td>C+<\/td>\n<\/tr>\n<tr>\n<td>S\u00e3o Bento do Sapuca\u00ed<\/td>\n<td>C<\/td>\n<td>C+<\/td>\n<\/tr>\n<tr>\n<td>S\u00e3o Jos\u00e9 do Barreiro<\/td>\n<td>C<\/td>\n<td>C<\/td>\n<\/tr>\n<tr>\n<td>S\u00e3o Jos\u00e9 dos Campos<\/td>\n<td>B<\/td>\n<td>B<\/td>\n<\/tr>\n<tr>\n<td>S\u00e3o Luiz do Paraitinga<\/td>\n<td>C<\/td>\n<td>C+<\/td>\n<\/tr>\n<tr>\n<td>\n<h4>S\u00e3o Sebasti\u00e3o<\/h4>\n<\/td>\n<td>\n<h4>C<\/h4>\n<\/td>\n<td>\n<h4>C<\/h4>\n<\/td>\n<\/tr>\n<tr>\n<td>Silveiras<\/td>\n<td>C+<\/td>\n<td>C<\/td>\n<\/tr>\n<tr>\n<td>Taubat\u00e9<\/td>\n<td>C+<\/td>\n<td>C<\/td>\n<\/tr>\n<tr>\n<td>Trememb\u00e9<\/td>\n<td>C<\/td>\n<td>C<\/td>\n<\/tr>\n<tr>\n<td>\n<h4>Ubatuba<\/h4>\n<\/td>\n<td>\n<h4>C<\/h4>\n<\/td>\n<td>\n<h4>C+<\/h4>\n<\/td>\n<\/tr>\n<tr>\n<td>Vargem<\/td>\n<td>C<\/td>\n<td>C<\/td>\n<\/tr>\n<\/tbody>\n<\/table>\n<\/div>\n<\/div>\n<\/div>\n<\/div>\n<\/div>\n<\/div>\n<\/div>\n<\/div>\n<p>&nbsp;<\/p>\n","protected":false},"excerpt":{"rendered":"<p>No Litoral Norte, Ilhabela e Ubatuba tiveram melhores avalia\u00e7\u00f5es em 2023, comparado a 2022; j\u00e1 S\u00e3o Sebasti\u00e3o e Caraguatatuba mantiveram avalia\u00e7\u00f5es de baixa efetividade nos anos de 2022 e 2023. &nbsp; Levantamento feito pelo Tribunal de Contas do Estado de S\u00e3o Paulo (TCESP) revela que as gest\u00f5es de apenas 52 (8%) dos 644 munic\u00edpios fiscalizados [&hellip;]<\/p>\n","protected":false},"author":26,"featured_media":22925,"comment_status":"open","ping_status":"open","sticky":false,"template":"","format":"standard","meta":{"footnotes":""},"categories":[7,80,16,89],"tags":[],"class_list":["post-22924","post","type-post","status-publish","format-standard","has-post-thumbnail","hentry","category-destaque","category-litoral-norte","category-politica","category-vale-do-paraiba"],"aioseo_notices":[],"_links":{"self":[{"href":"https:\/\/lrm67.com\/index.php\/wp-json\/wp\/v2\/posts\/22924","targetHints":{"allow":["GET"]}}],"collection":[{"href":"https:\/\/lrm67.com\/index.php\/wp-json\/wp\/v2\/posts"}],"about":[{"href":"https:\/\/lrm67.com\/index.php\/wp-json\/wp\/v2\/types\/post"}],"author":[{"embeddable":true,"href":"https:\/\/lrm67.com\/index.php\/wp-json\/wp\/v2\/users\/26"}],"replies":[{"embeddable":true,"href":"https:\/\/lrm67.com\/index.php\/wp-json\/wp\/v2\/comments?post=22924"}],"version-history":[{"count":5,"href":"https:\/\/lrm67.com\/index.php\/wp-json\/wp\/v2\/posts\/22924\/revisions"}],"predecessor-version":[{"id":22930,"href":"https:\/\/lrm67.com\/index.php\/wp-json\/wp\/v2\/posts\/22924\/revisions\/22930"}],"wp:featuredmedia":[{"embeddable":true,"href":"https:\/\/lrm67.com\/index.php\/wp-json\/wp\/v2\/media\/22925"}],"wp:attachment":[{"href":"https:\/\/lrm67.com\/index.php\/wp-json\/wp\/v2\/media?parent=22924"}],"wp:term":[{"taxonomy":"category","embeddable":true,"href":"https:\/\/lrm67.com\/index.php\/wp-json\/wp\/v2\/categories?post=22924"},{"taxonomy":"post_tag","embeddable":true,"href":"https:\/\/lrm67.com\/index.php\/wp-json\/wp\/v2\/tags?post=22924"}],"curies":[{"name":"wp","href":"https:\/\/api.w.org\/{rel}","templated":true}]}}