{"id":22837,"date":"2024-01-20T08:28:18","date_gmt":"2024-01-20T11:28:18","guid":{"rendered":"https:\/\/lrm67.com\/?p=22837"},"modified":"2024-01-23T16:15:48","modified_gmt":"2024-01-23T19:15:48","slug":"parque-estadual-de-ilhabela-tera-programacao-especial-de-47-anos","status":"publish","type":"post","link":"https:\/\/lrm67.com\/index.php\/2024\/01\/20\/parque-estadual-de-ilhabela-tera-programacao-especial-de-47-anos\/","title":{"rendered":"Parque Estadual de Ilhabela ter\u00e1 programa\u00e7\u00e3o especial de 47 anos"},"content":{"rendered":"<p>Marcello Ver\u00edssimo<\/p>\n<p>O Parque Estadual de Ilhabela divulgou a programa\u00e7\u00e3o especial alusiva ao seu anivers\u00e1rio de 47 anos, celebrado no dia 20 de janeiro. Durante cinco dias, at\u00e9 25 de janeiro, est\u00e3o previstas uma s\u00e9rie de atividades para a comemora\u00e7\u00e3o.<\/p>\n<p>Para participar de algumas atividades que envolvem trilhas \u00e9 necess\u00e1rio fazer inscri\u00e7\u00e3o por meio do link na bio do perfil do PEI no Instagram.<\/p>\n<p>As atividades s\u00e3o gratuitas e destinadas a diferentes tipos de p\u00fablico, al\u00e9m de se espalhar por toda a cidade, de norte a sul da ilha.<\/p>\n<p>A programa\u00e7\u00e3o acontece nos per\u00edodos da manh\u00e3, tarde e noite. De acordo com os organizadores, as atividades come\u00e7am no dia 20, logo cedo, a partir das 8h com observa\u00e7\u00e3o da biodiversidade na Cachoeira do Veloso, com vagas limitadas.<\/p>\n<p>Tamb\u00e9m no dia 20, das 18h \u00e0s 19h, ser\u00e1 realizada uma roda de conversa com o tema \u201cHist\u00f3ria do Parque\u201d, na sede da institui\u00e7\u00e3o, que fica na rua Morro da Cruz, 608, no bairro Itaguassu. Durante a atividade ser\u00e1 feita a apresenta\u00e7\u00e3o do Programa de Conserva\u00e7\u00e3o da Palmeira-Ju\u00e7ara, al\u00e9m de um bolo de anivers\u00e1rio.<\/p>\n<p>Para saber mais acesse o Instagram<br \/>\n@parqueestadualdeilhabela ou ligue (12) 3896-2585.<\/p>\n","protected":false},"excerpt":{"rendered":"<p>Marcello Ver\u00edssimo O Parque Estadual de Ilhabela divulgou a programa\u00e7\u00e3o especial alusiva ao seu anivers\u00e1rio de 47 anos, celebrado no dia 20 de janeiro. Durante cinco dias, at\u00e9 25 de janeiro, est\u00e3o previstas uma s\u00e9rie de atividades para a comemora\u00e7\u00e3o. Para participar de algumas atividades que envolvem trilhas \u00e9 necess\u00e1rio fazer inscri\u00e7\u00e3o por meio do [&hellip;]<\/p>\n","protected":false},"author":28,"featured_media":22838,"comment_status":"open","ping_status":"open","sticky":false,"template":"","format":"standard","meta":{"footnotes":""},"categories":[7,12,3],"tags":[],"class_list":["post-22837","post","type-post","status-publish","format-standard","has-post-thumbnail","hentry","category-destaque","category-eventos","category-ilhabela"],"aioseo_notices":[],"_links":{"self":[{"href":"https:\/\/lrm67.com\/index.php\/wp-json\/wp\/v2\/posts\/22837","targetHints":{"allow":["GET"]}}],"collection":[{"href":"https:\/\/lrm67.com\/index.php\/wp-json\/wp\/v2\/posts"}],"about":[{"href":"https:\/\/lrm67.com\/index.php\/wp-json\/wp\/v2\/types\/post"}],"author":[{"embeddable":true,"href":"https:\/\/lrm67.com\/index.php\/wp-json\/wp\/v2\/users\/28"}],"replies":[{"embeddable":true,"href":"https:\/\/lrm67.com\/index.php\/wp-json\/wp\/v2\/comments?post=22837"}],"version-history":[{"count":2,"href":"https:\/\/lrm67.com\/index.php\/wp-json\/wp\/v2\/posts\/22837\/revisions"}],"predecessor-version":[{"id":23027,"href":"https:\/\/lrm67.com\/index.php\/wp-json\/wp\/v2\/posts\/22837\/revisions\/23027"}],"wp:featuredmedia":[{"embeddable":true,"href":"https:\/\/lrm67.com\/index.php\/wp-json\/wp\/v2\/media\/22838"}],"wp:attachment":[{"href":"https:\/\/lrm67.com\/index.php\/wp-json\/wp\/v2\/media?parent=22837"}],"wp:term":[{"taxonomy":"category","embeddable":true,"href":"https:\/\/lrm67.com\/index.php\/wp-json\/wp\/v2\/categories?post=22837"},{"taxonomy":"post_tag","embeddable":true,"href":"https:\/\/lrm67.com\/index.php\/wp-json\/wp\/v2\/tags?post=22837"}],"curies":[{"name":"wp","href":"https:\/\/api.w.org\/{rel}","templated":true}]}}