{"id":22828,"date":"2024-01-16T15:06:21","date_gmt":"2024-01-16T18:06:21","guid":{"rendered":"https:\/\/lrm67.com\/?p=22828"},"modified":"2024-01-16T15:06:21","modified_gmt":"2024-01-16T18:06:21","slug":"prefeitura-de-sao-sebastiao-realiza-posse-de-122-professores-concursado-no-dia-24","status":"publish","type":"post","link":"https:\/\/lrm67.com\/index.php\/2024\/01\/16\/prefeitura-de-sao-sebastiao-realiza-posse-de-122-professores-concursado-no-dia-24\/","title":{"rendered":"Prefeitura de S\u00e3o Sebasti\u00e3o realiza posse de 122 professores concursado no dia 24"},"content":{"rendered":"<p>A Prefeitura de S\u00e3o Sebasti\u00e3o, por meio da Secretaria da Educa\u00e7\u00e3o (SEDUC), dar\u00e1 posse a 122 professores aprovados no concurso p\u00fablico 01\/2019. A cerim\u00f4nia ser\u00e1 nesta quarta-feira (24), \u00e0s 9h, no audit\u00f3rio da SEDUC.<\/p>\n<p>Ir\u00e3o compor o quadro de colaboradores da rede municipal professores de Educa\u00e7\u00e3o B\u00e1sica 1 e das disciplinas de Ci\u00eancias, Educa\u00e7\u00e3o F\u00edsica, Matem\u00e1tica, Hist\u00f3ria e Ingl\u00eas.<\/p>\n<p>No per\u00edodo da manh\u00e3 a posse ser\u00e1 para todos os profissionais e tarde, \u00e0s 14h, ser\u00e1 a atribui\u00e7\u00e3o de aulas exclusivamente dos professores das disciplinas espec\u00edficas. No dia 25, a partir das 9h, \u00e9 a vez dos professores de Educa\u00e7\u00e3o B\u00e1sica 1 participarem da atribui\u00e7\u00e3o.<\/p>\n<p>Os novos servidores p\u00fablicos entram para ocupa\u00e7\u00e3o de cargos em vac\u00e2ncia, desocupados por motivos como exonera\u00e7\u00e3o, demiss\u00e3o, aposentadoria ou falecimento de servidor, e tamb\u00e9m para novas vagas necess\u00e1rias em virtude do crescimento da rede municipal.<\/p>\n<p>Os educadores dever\u00e3o estar atentos ao e-mail enviado pelo departamento de Recursos Humanos da Prefeitura para receber as informa\u00e7\u00f5es necess\u00e1rias para sua posse. Em caso de d\u00favidas, entrar em contato pelo telefone (12) 3891-2160.<\/p>\n","protected":false},"excerpt":{"rendered":"<p>A Prefeitura de S\u00e3o Sebasti\u00e3o, por meio da Secretaria da Educa\u00e7\u00e3o (SEDUC), dar\u00e1 posse a 122 professores aprovados no concurso p\u00fablico 01\/2019. A cerim\u00f4nia ser\u00e1 nesta quarta-feira (24), \u00e0s 9h, no audit\u00f3rio da SEDUC. Ir\u00e3o compor o quadro de colaboradores da rede municipal professores de Educa\u00e7\u00e3o B\u00e1sica 1 e das disciplinas de Ci\u00eancias, Educa\u00e7\u00e3o F\u00edsica, [&hellip;]<\/p>\n","protected":false},"author":28,"featured_media":22829,"comment_status":"open","ping_status":"open","sticky":false,"template":"","format":"standard","meta":{"footnotes":""},"categories":[2,13],"tags":[],"class_list":["post-22828","post","type-post","status-publish","format-standard","has-post-thumbnail","hentry","category-geral","category-sao-sebastiao"],"aioseo_notices":[],"_links":{"self":[{"href":"https:\/\/lrm67.com\/index.php\/wp-json\/wp\/v2\/posts\/22828","targetHints":{"allow":["GET"]}}],"collection":[{"href":"https:\/\/lrm67.com\/index.php\/wp-json\/wp\/v2\/posts"}],"about":[{"href":"https:\/\/lrm67.com\/index.php\/wp-json\/wp\/v2\/types\/post"}],"author":[{"embeddable":true,"href":"https:\/\/lrm67.com\/index.php\/wp-json\/wp\/v2\/users\/28"}],"replies":[{"embeddable":true,"href":"https:\/\/lrm67.com\/index.php\/wp-json\/wp\/v2\/comments?post=22828"}],"version-history":[{"count":1,"href":"https:\/\/lrm67.com\/index.php\/wp-json\/wp\/v2\/posts\/22828\/revisions"}],"predecessor-version":[{"id":22830,"href":"https:\/\/lrm67.com\/index.php\/wp-json\/wp\/v2\/posts\/22828\/revisions\/22830"}],"wp:featuredmedia":[{"embeddable":true,"href":"https:\/\/lrm67.com\/index.php\/wp-json\/wp\/v2\/media\/22829"}],"wp:attachment":[{"href":"https:\/\/lrm67.com\/index.php\/wp-json\/wp\/v2\/media?parent=22828"}],"wp:term":[{"taxonomy":"category","embeddable":true,"href":"https:\/\/lrm67.com\/index.php\/wp-json\/wp\/v2\/categories?post=22828"},{"taxonomy":"post_tag","embeddable":true,"href":"https:\/\/lrm67.com\/index.php\/wp-json\/wp\/v2\/tags?post=22828"}],"curies":[{"name":"wp","href":"https:\/\/api.w.org\/{rel}","templated":true}]}}