{"id":22822,"date":"2024-01-16T15:03:50","date_gmt":"2024-01-16T18:03:50","guid":{"rendered":"https:\/\/lrm67.com\/?p=22822"},"modified":"2024-01-16T15:03:50","modified_gmt":"2024-01-16T18:03:50","slug":"gustavo-mioto-dilsinho-guilherme-artistas-locais-abrem-evento","status":"publish","type":"post","link":"https:\/\/lrm67.com\/index.php\/2024\/01\/16\/gustavo-mioto-dilsinho-guilherme-artistas-locais-abrem-evento\/","title":{"rendered":"Gustavo Mioto, Dilsinho, Guilherme &#038; Benuto e Benzi\u00ea s\u00e3o atra\u00e7\u00f5es do Festival de Ver\u00e3o de S\u00e3o Sebasti\u00e3o; artistas locais abrem evento"},"content":{"rendered":"<p>Ap\u00f3s um fim de semana de muito pagode com os shows do cantor Thiaguinho e do grupo Turma do Pagode, o Complexo Tur\u00edstico da Rua da Praia, no Centro Hist\u00f3rico de S\u00e3o Sebasti\u00e3o, ser\u00e1 palco de grandes nomes da m\u00fasica sertaneja.<\/p>\n<p>Na sexta-feira (19), o Festival de Ver\u00e3o de S\u00e3o Sebasti\u00e3o 2024 recebe o cantor Gustavo Mioto, conhecido pelos <em>hits <\/em>\u2018Anti-amor\u2019, \u2018Fake news\u2019, \u2018Com ou sem mim\u2019 \u2018Solteiro n\u00e3o trai\u2019, entre outras can\u00e7\u00f5es. A abertura do show fica por conta da cantora local Kiki Tavolaro.<\/p>\n<p>No s\u00e1bado (20), que tamb\u00e9m \u00e9 celebrado o Dia do Padroeiro S\u00e3o Sebasti\u00e3o, quem sobe ao palco \u00e9 a dupla Guilherme &amp; Benuto para cantar grandes sucessos como \u2018Pulei Na Piscina\u2019, \u20183 batidas\u2019 e \u2018Haja Col\u00edrio\u2019, que acumula mais de 450 milh\u00f5es de <em>streams <\/em>totais.<\/p>\n<p>J\u00e1 na Pra\u00e7a P\u00f4r do Sol, em Boi\u00e7ucanga, o pagodeiro Dilsinho se apresenta na sexta-feira (19) e promete agitar a Costa Sul com as can\u00e7\u00f5es \u2018P\u00e9ssimo Neg\u00f3cio\u2019, \u2018Ref\u00e9m\u2019 e o novo hit \u2018Diferent\u00e3o\u2019. O Dj Bico comandar\u00e1 a abertura do show tocando sucessos do momento.<\/p>\n<p>No s\u00e1bado (20), a Benzi\u00ea vai apresentar lindas can\u00e7\u00f5es, recheadas de amor, poesia e boas energias, e, quem abre o show ser\u00e1 a cantora local Joice Terra.<\/p>\n<p>Lembrando que todas as apresenta\u00e7\u00f5es ter\u00e3o shows de abertura de artistas e bandas locais, sempre a partir das 19h, valorizando os talentos sebastianenses.<\/p>\n<p>Vale ressaltar que as praias de Maresias, Pa\u00faba, Arrast\u00e3o, S\u00e3o Francisco, Juquehy, Bareque\u00e7aba, Barra do Una, al\u00e9m da Pra\u00e7a da Vela (Porto Grande) e da Pra\u00e7a do Varadouro tamb\u00e9m receber\u00e3o apresenta\u00e7\u00f5es art\u00edsticas durante o ver\u00e3o.<\/p>\n<p>Considerado o maior Festival de Ver\u00e3o do Litoral Norte de S\u00e3o Paulo, com centenas de shows e apresenta\u00e7\u00f5es musicais gratuitas, o Festival de Ver\u00e3o de S\u00e3o Sebasti\u00e3o 2024, realizado Prefeitura de S\u00e3o Sebasti\u00e3o, por meio da Secretaria de Turismo (SETUR) e da Funda\u00e7\u00e3o Educacional e Cultural \u2018Deodato Sant\u2019Anna\u2019 (Fundass), segue at\u00e9 o dia 28 de janeiro de 2024.<\/p>\n<p><strong>Confira a programa\u00e7\u00e3o completa por locais<\/strong><\/p>\n<p><strong>Complexo Tur\u00edstico da Rua da Praia \u2013 Centro Hist\u00f3rico<\/strong><\/p>\n<p><strong>16\/01 (ter\u00e7a-feira)<\/strong><\/p>\n<p>21h \u2013 Luciano Mendes<\/p>\n<p><strong>17\/01 (quarta-feira)<\/strong><\/p>\n<p>21h \u2013 Dani Danati<\/p>\n<p><strong>18\/01 (quinta-feira)<\/strong><\/p>\n<p>21h \u2013 Miqueias Medeiros Duo<\/p>\n<p><strong>19\/01 (sexta-feira)<\/strong><\/p>\n<p>19h \u2013 Kiki Tavolaro<\/p>\n<p>21h &#8211; Gustavo Mioto<\/p>\n<p><strong>20\/01 (s\u00e1bado)<\/strong><\/p>\n<p>21h &#8211; Guilherme &amp; Benuto<\/p>\n<p><strong>21\/01 (domingo)<\/strong><\/p>\n<p>21h \u2013 Ricardo Biddino<\/p>\n<p><strong>22\/01 (segunda-feira)<\/strong><\/p>\n<p>21h \u2013 Excene<\/p>\n<p><strong>23\/01 (ter\u00e7a-feira)<\/strong><\/p>\n<p>21h \u2013 Soul Clean<\/p>\n<p><strong>24\/01 (quarta-feira)<\/strong><\/p>\n<p>21h \u2013 Valdex Brito<\/p>\n<p><strong>25\/01 (quinta-feira)<\/strong><\/p>\n<p>19h \u2013 Cantor Silas Rodrigues<\/p>\n<p>21h &#8211; Padre F\u00e1bio de Melo<\/p>\n<p><strong>26\/01 (sexta-feira)<\/strong><\/p>\n<p>19h \u2013 DJ Cidy<\/p>\n<p>20h \u2013 Maria Diva<\/p>\n<p>21h &#8211; Hungria<\/p>\n<p><strong>27\/01 (s\u00e1bado)<\/strong><\/p>\n<p>19h \u2013 QI 120<\/p>\n<p>21h &#8211; Biqu\u00edni Cavad\u00e3o<\/p>\n<p>23h \u2013 DNA 012<\/p>\n<p><strong>28\/01 (domingo)<\/strong><\/p>\n<p>21h \u2013 Koala Joe<\/p>\n<p><strong>Pra\u00e7a P\u00f4r do Sol &#8211; Boi\u00e7ucanga<\/strong><\/p>\n<p><strong>16\/01 (ter\u00e7a-feira)<\/strong><\/p>\n<p>21h \u2013 Icaro Matos<\/p>\n<p><strong>17\/01 (quarta-feira)<\/strong><\/p>\n<p>21h \u2013 Missinho Persan<\/p>\n<p><strong>18\/01 (quinta-feira)<\/strong><\/p>\n<p>21h \u2013 Yellow Cloud<\/p>\n<p><strong>19\/01 (sexta-feira)<\/strong><\/p>\n<p>19h \u2013 DJ Bico<\/p>\n<p>21h &#8211; Dilsinho<\/p>\n<p><strong>20\/01 (s\u00e1bado)<\/strong><\/p>\n<p>19h \u2013 Joice Terra<\/p>\n<p>21h \u2013 Benzi\u00ea<\/p>\n<p><strong>21\/01 (domingo)<\/strong><\/p>\n<p>21h \u2013 Luciano Mendes<\/p>\n<p><strong>22\/01 (segunda-feira)<\/strong><\/p>\n<p>21h \u2013 Daniel Navarro Solo<\/p>\n<p><strong>23\/01 (ter\u00e7a-feira)<\/strong><\/p>\n<p>21h \u2013 Tom Vieira<\/p>\n<p><strong>24\/01 (quarta-feira)<\/strong><\/p>\n<p>21h \u2013 Joice Terra<\/p>\n<p><strong>25\/01 (quinta-feira)<\/strong><\/p>\n<p>19h \u2013 Valdex Brito<\/p>\n<p>21h &#8211; Os Bar\u00f5es da Pisadinha<\/p>\n<p><strong>26\/01 (sexta-feira)<\/strong><\/p>\n<p>19h \u2013 Koala Joe<\/p>\n<p>21h &#8211; Maneva<\/p>\n<p><strong>27\/01 (s\u00e1bado)<\/strong><\/p>\n<p>19h \u2013 Bateria Show com Mestre Ded\u00e9 e Passista\u00a0Samba Show<\/p>\n<p>19h \u2013 Som Kai\u00e7ara<\/p>\n<p>21h \u2013 Salgadinho<\/p>\n<p><strong>28\/01 (domingo)<\/strong><\/p>\n<p>21h \u2013 Alex Rodrigues<\/p>\n<p><strong>Local: Pra\u00e7a Internacional do Surf \u2013 Maresias<\/strong><\/p>\n<p><strong>16\/01 (ter\u00e7a-feira)<\/strong><\/p>\n<p>15h30 \u2013 DJ Leo Carvalho<\/p>\n<p><strong>17\/01 (quarta-feira)<\/strong><\/p>\n<p>15h30 \u2013 DJ Riva Decib\u00e9is<\/p>\n<p><strong>18\/01 (quinta-feira)<\/strong><\/p>\n<p>15h30 \u2013 Marcelo Zaffani<\/p>\n<p><strong>19\/01 (sexta-feira)<\/strong><\/p>\n<p>15h30 \u2013 Samdosa<\/p>\n<p><strong>20\/01 (s\u00e1bado)<\/strong><\/p>\n<p>15h30 \u2013 Matheus Menezes<\/p>\n<p><strong>21\/01 (domingo)<\/strong><\/p>\n<p>15h30 \u2013 Tom Vieira<\/p>\n<p><strong>22\/01 (segunda-feira)<\/strong><\/p>\n<p>15h30 \u2013 Fernanda Otta Duo<\/p>\n<p><strong>23\/01 (ter\u00e7a-feira)<\/strong><\/p>\n<p>15h30 \u2013 Ruan Marques<\/p>\n<p><strong>24\/01 (quarta-feira)<\/strong><\/p>\n<p>15h30 \u2013 Duo Alegra<\/p>\n<p><strong>25\/01 (quinta-feira)<\/strong><\/p>\n<p>15h30 \u2013 Doutor Drive<\/p>\n<p><strong>26\/01 (sexta-feira)<\/strong><\/p>\n<p>15h30 \u2013 Sr Bamba<\/p>\n<p><strong>27\/01 (s\u00e1bado)<\/strong><\/p>\n<p>15h30 \u2013 R\u00f4 Cabelini<\/p>\n<p><strong>28\/01 (domingo)<\/strong><\/p>\n<p>15h30 \u2013 Maior Abandonado<\/p>\n<p><strong>Local: Praia de Juquehy<\/strong><\/p>\n<p><strong>16\/01 (ter\u00e7a-feira)<\/strong><\/p>\n<p>16h30 \u2013 Dani Danati<\/p>\n<p><strong>19\/01 (sexta-feira)<\/strong><\/p>\n<p>15h30 \u2013 Doutro Drive<\/p>\n<p><strong>20\/01 (s\u00e1bado)<\/strong><\/p>\n<p>15h30 \u2013 Tom Vieira<\/p>\n<p>18h30 \u2013 Bloco do Cavuka<\/p>\n<p><strong>21\/01 (domingo)<\/strong><\/p>\n<p>16h30 \u2013 Soul Clean<\/p>\n<p><strong>26\/01 (sexta-feira)<\/strong><\/p>\n<p>15h30 \u2013 Maior Abandonado<\/p>\n<p><strong>27\/01 (s\u00e1bado)<\/strong><\/p>\n<p>15h30 \u2013 Sr Bamba<\/p>\n<p><strong>28\/01 (domingo)<\/strong><\/p>\n<p>15h30 \u2013 Banda Ferramenta<\/p>\n<p><strong>Local: Praia do Arrast\u00e3o<\/strong><\/p>\n<p><strong>16\/01 (ter\u00e7a-feira)<\/strong><\/p>\n<p>16h \u2013 Andr\u00e9 Tavolaro Duo<\/p>\n<p><strong>17\/01 (quarta-feira)<\/strong><\/p>\n<p>16h \u2013 Miqueias Duo<\/p>\n<p><strong>19\/01 (sexta-feira)<\/strong><\/p>\n<p>16h \u2013 Felipe Andrade<\/p>\n<p><strong>20\/01 (s\u00e1bado)<\/strong><\/p>\n<p>16h \u2013 Som Kai\u00e7ara<\/p>\n<p><strong>21\/01 (domingo)<\/strong><\/p>\n<p>16h \u2013 J\u00f4 Navarro<\/p>\n<p><strong>26\/01 (sexta-feira)<\/strong><\/p>\n<p>16h \u2013 Renato Consorte<\/p>\n<p><strong>27\/01 (s\u00e1bado)<\/strong><\/p>\n<p>16h \u2013 Ricardo Biddino<\/p>\n<p><strong>Local: Pra\u00e7a da Vela \u2013 Porto Grande<\/strong><\/p>\n<p><strong>16\/01 (ter\u00e7a-feira)<\/strong><\/p>\n<p>20h \u2013 Pizzicato<\/p>\n<p><strong>17\/01 (quarta-feira)<\/strong><\/p>\n<p>20h \u2013 Banda Bem Brasil<\/p>\n<p><strong>18\/01 (quinta-feira)<\/strong><\/p>\n<p>20h \u2013 QI 120<\/p>\n<p><strong>21\/01 (domingo)<\/strong><\/p>\n<p>20h \u2013 Dj Riva Decib\u00e9is<\/p>\n<p><strong>25\/01 (quinta-feira)<\/strong><\/p>\n<p>20h \u2013 Luciano Mendes<\/p>\n<p><strong>Local: Em frente \u00e0 Casa da M\u00fasica \u2013 Rua da Praia<\/strong><\/p>\n<p><strong>20\/01 (s\u00e1bado)<\/strong><\/p>\n<p>17h \u2013 Miqueias Duo<\/p>\n<p><strong>27\/01 (s\u00e1bado)<\/strong><\/p>\n<p>17h \u2013 Renato Consorte<\/p>\n<p><strong>Local: Praia de Bareque\u00e7aba<\/strong><\/p>\n<p><strong>16\/01 (ter\u00e7a-feira)<\/strong><\/p>\n<p>15h30 \u2013 Fernanda Otta<\/p>\n<p><strong>19\/01 (sexta-feira)<\/strong><\/p>\n<p>15h30 \u2013 Cadu Carrasco<\/p>\n<p><strong>20\/01 (s\u00e1bado)<\/strong><\/p>\n<p>15h30 \u2013 Pizzicato<\/p>\n<p><strong>21\/01 (domingo)<\/strong><\/p>\n<p>15h30 \u2013 Fernanda Otta<\/p>\n<p><strong>26\/01 (sexta-feira)<\/strong><\/p>\n<p>15h30 \u2013 Edson Alexandre<\/p>\n<p><strong>27\/01 (s\u00e1bado)<\/strong><\/p>\n<p>15h30 \u2013 Claudio Milito<\/p>\n<p><strong>28\/01 (domingo)<\/strong><\/p>\n<p>15h30 \u2013 Resenha Kai\u00e7ara<\/p>\n<p><strong>Local: Bairro S\u00e3o Francisco<\/strong><\/p>\n<p><strong>16\/01 (ter\u00e7a-feira)<\/strong><\/p>\n<p>20h30 \u2013 Som Kai\u00e7ara<\/p>\n<p><strong>17\/01 (quarta-feira)<\/strong><\/p>\n<p>20h30 \u2013 Fandangueiros Aleluia<\/p>\n<p><strong>18\/01 (quinta-feira)<\/strong><\/p>\n<p>20h30 \u2013 Luciano Mendes<\/p>\n<p><strong>19\/01 (sexta-feira)<\/strong><\/p>\n<p>20h30 &#8211; Pizzicato<\/p>\n<p><strong>21\/01 (domingo)<\/strong><\/p>\n<p>20h30 \u2013 Vander de Paula<\/p>\n<p><strong>25\/01 (quinta-feira)<\/strong><\/p>\n<p>20h30 \u2013 Edson Alexandre<\/p>\n<p><strong>28\/01 (domingo)<\/strong><\/p>\n<p>16h \u2013 Interven\u00e7\u00e3o Art\u00edstica Itinerante \u2018Bateria Show com Mestre Ded\u00e9 e Passista\u00a0Samba Show\u2019<\/p>\n<p><strong>Local: Pra\u00e7a do Varadouro<\/strong><\/p>\n<p><strong>20\/01 (s\u00e1bado)<\/strong><\/p>\n<p>16h \u2013 Interven\u00e7\u00e3o Art\u00edstica Itinerante \u2018Bateria Show com Mestre Ded\u00e9 e Passista\u00a0Samba Show\u2019<\/p>\n<p><strong>Local: Praia de Pa\u00faba<\/strong><\/p>\n<p><strong>16\/01 (ter\u00e7a-feira)<\/strong><\/p>\n<p>15h30 \u2013 Amadeu Matos<\/p>\n<p><strong>17\/01 (quarta-feira)<\/strong><\/p>\n<p>15h30 \u2013 Duo Alegra<\/p>\n<p><strong>21\/01 (domingo)<\/strong><\/p>\n<p>15h30 \u2013 Resenha Kai\u00e7ara<\/p>\n<p><strong>Local: Praia de Barra do Una<\/strong><\/p>\n<p><strong>27\/01 (s\u00e1bado)<\/strong><\/p>\n<p>17h30 \u2013 Bloco do Cavuka<\/p>\n<p><em>*Programa\u00e7\u00e3o sujeita a altera\u00e7\u00f5es.<\/em><\/p>\n","protected":false},"excerpt":{"rendered":"<p>Ap\u00f3s um fim de semana de muito pagode com os shows do cantor Thiaguinho e do grupo Turma do Pagode, o Complexo Tur\u00edstico da Rua da Praia, no Centro Hist\u00f3rico de S\u00e3o Sebasti\u00e3o, ser\u00e1 palco de grandes nomes da m\u00fasica sertaneja. Na sexta-feira (19), o Festival de Ver\u00e3o de S\u00e3o Sebasti\u00e3o 2024 recebe o cantor [&hellip;]<\/p>\n","protected":false},"author":28,"featured_media":22823,"comment_status":"open","ping_status":"open","sticky":false,"template":"","format":"standard","meta":{"footnotes":""},"categories":[12,13],"tags":[],"class_list":["post-22822","post","type-post","status-publish","format-standard","has-post-thumbnail","hentry","category-eventos","category-sao-sebastiao"],"aioseo_notices":[],"_links":{"self":[{"href":"https:\/\/lrm67.com\/index.php\/wp-json\/wp\/v2\/posts\/22822","targetHints":{"allow":["GET"]}}],"collection":[{"href":"https:\/\/lrm67.com\/index.php\/wp-json\/wp\/v2\/posts"}],"about":[{"href":"https:\/\/lrm67.com\/index.php\/wp-json\/wp\/v2\/types\/post"}],"author":[{"embeddable":true,"href":"https:\/\/lrm67.com\/index.php\/wp-json\/wp\/v2\/users\/28"}],"replies":[{"embeddable":true,"href":"https:\/\/lrm67.com\/index.php\/wp-json\/wp\/v2\/comments?post=22822"}],"version-history":[{"count":1,"href":"https:\/\/lrm67.com\/index.php\/wp-json\/wp\/v2\/posts\/22822\/revisions"}],"predecessor-version":[{"id":22824,"href":"https:\/\/lrm67.com\/index.php\/wp-json\/wp\/v2\/posts\/22822\/revisions\/22824"}],"wp:featuredmedia":[{"embeddable":true,"href":"https:\/\/lrm67.com\/index.php\/wp-json\/wp\/v2\/media\/22823"}],"wp:attachment":[{"href":"https:\/\/lrm67.com\/index.php\/wp-json\/wp\/v2\/media?parent=22822"}],"wp:term":[{"taxonomy":"category","embeddable":true,"href":"https:\/\/lrm67.com\/index.php\/wp-json\/wp\/v2\/categories?post=22822"},{"taxonomy":"post_tag","embeddable":true,"href":"https:\/\/lrm67.com\/index.php\/wp-json\/wp\/v2\/tags?post=22822"}],"curies":[{"name":"wp","href":"https:\/\/api.w.org\/{rel}","templated":true}]}}