{"id":22780,"date":"2024-01-16T08:56:40","date_gmt":"2024-01-16T11:56:40","guid":{"rendered":"https:\/\/lrm67.com\/?p=22780"},"modified":"2024-01-16T08:56:40","modified_gmt":"2024-01-16T11:56:40","slug":"carnapet-reune-folioes-com-seus-bichinhos-de-estimacao-na-praca-do-coreto","status":"publish","type":"post","link":"https:\/\/lrm67.com\/index.php\/2024\/01\/16\/carnapet-reune-folioes-com-seus-bichinhos-de-estimacao-na-praca-do-coreto\/","title":{"rendered":"Carnapet re\u00fane foli\u00f5es com seus bichinhos de estima\u00e7\u00e3o na Pra\u00e7a do Coreto"},"content":{"rendered":"<p>A Prefeitura de S\u00e3o Sebasti\u00e3o, por meio da Secretaria de Turismo (SETUR), da Funda\u00e7\u00e3o Educacional e Cultural \u2018Deodato Sant\u2019Anna\u2019 (Fundass) e do Centro de Controle de Zoonoses (CCZ), vinculado \u00e0 Secretaria de Sa\u00fade (SESAU), realizar\u00e1, no s\u00e1bado de Carnaval (10\/02), a quinta edi\u00e7\u00e3o do Carnapet, uma grande oportunidade para os foli\u00f5es curtirem o Carnaval acompanhados de seus pets.<\/p>\n<p>O evento ser\u00e1 na Pra\u00e7a do Coreto, \u00e0s 17h, juntamente com a matin\u00ea animada por m\u00fasicas e marchinhas, garantindo a divers\u00e3o de toda a fam\u00edlia.<\/p>\n<p><img fetchpriority=\"high\" decoding=\"async\" class=\"aligncenter size-full wp-image-22781\" src=\"https:\/\/lrm67.com\/wp-content\/uploads\/2024\/01\/image-3.jpeg\" alt=\"\" width=\"655\" height=\"437\" srcset=\"https:\/\/lrm67.com\/wp-content\/uploads\/2024\/01\/image-3.jpeg 655w, https:\/\/lrm67.com\/wp-content\/uploads\/2024\/01\/image-3-300x200.jpeg 300w\" sizes=\"(max-width: 655px) 100vw, 655px\" \/><\/p>\n<p>As inscri\u00e7\u00f5es para participar do concurso s\u00e3o gratuitas e devem ser feitas antecipadamente, em hor\u00e1rio comercial, de 5 de fevereiro at\u00e9 \u00e0s 12h do dia 9 de fevereiro, nos estabelecimentos Pets &#8211; C\u00e3es, Gatos e Voc\u00ea, no Centro Hist\u00f3rico; na SOMAR \u2013 Associa\u00e7\u00e3o Amigos da Praia de Maresias; ou na Sa\u00edra Multimarcas, nas praias de Boi\u00e7ucanga e Camburizinho. As inscri\u00e7\u00f5es tamb\u00e9m podem ser feitas no dia e local do evento, das 16h \u00e0s 17h.<\/p>\n<p>Os animais desfilar\u00e3o acompanhados de seus tutores e ser\u00e3o avaliados nos quesitos Carisma (entre tutor e c\u00e3o) e Traje (fantasia e acess\u00f3rios).<\/p>\n<p>Ser\u00e3o premiados os tr\u00eas primeiros colocados, ganhando trof\u00e9us e kits de produtos especiais para o seu pet.<\/p>\n<p><strong>Regulamento<\/strong><\/p>\n<p>&#8211; O animal deve estar fantasiado ou com adere\u00e7os.<\/p>\n<p>&#8211; Deve-se considerar o peso dos acess\u00f3rios a fim de proporcionar um momento de divers\u00e3o, mas tamb\u00e9m de conforto ao animal.<\/p>\n<p>&#8211; Evitar purpurinas e brilhos que possam ser ingeridos ou causar irrita\u00e7\u00f5es de pele e olhos e, em hip\u00f3tese alguma, use tinta ou sprays na pele do pet.<\/p>\n<p>&#8211; O pet deve estar com guia. Os animais sem guia n\u00e3o poder\u00e3o participar do evento.<\/p>\n<p>&#8211; Lembre-se de levar \u00e1gua para manter o pet bem hidratado e saquinhos para recolha de dejetos, se necess\u00e1rio.<\/p>\n<p>&#8211; Vale ressaltar que no local haver\u00e1 ponto de hidrata\u00e7\u00e3o e alimenta\u00e7\u00e3o para os pets.<\/p>\n<p><strong>Servi\u00e7o<\/strong><\/p>\n<p>Carnapet<\/p>\n<p>Data: 10 de fevereiro<\/p>\n<p>Hor\u00e1rio: 17h<\/p>\n<p>Local: Pra\u00e7a do Coreto \u2013 Centro Hist\u00f3rico<\/p>\n<p><strong>Inscri\u00e7\u00f5es<\/strong><\/p>\n<p>De 5 a 9 de fevereiro<\/p>\n<p><strong>Locais<\/strong><\/p>\n<p>Pets C\u00e3es, Gatos e Voc\u00ea &#8211; Av. Guarda Mor Lobo Viana, 138, Centro<\/p>\n<p>SOMAR \u2013 Associa\u00e7\u00e3o Amigos da Praia de Maresias &#8211; Avenida Dr. Francisco Loup, 633, praia de Maresias<\/p>\n<p>Sa\u00edra Multimarcas Boi\u00e7ucanga \u2013 Avenida Walkir Vergani, 614, Loja 39, Beira Praia Shopping<\/p>\n<p>Sa\u00edra Multimarcas Camburizinho \u2013 Avenida Ant\u00f4nio Jos\u00e9 Marques, 766, praia de Camburizinho<\/p>\n","protected":false},"excerpt":{"rendered":"<p>A Prefeitura de S\u00e3o Sebasti\u00e3o, por meio da Secretaria de Turismo (SETUR), da Funda\u00e7\u00e3o Educacional e Cultural \u2018Deodato Sant\u2019Anna\u2019 (Fundass) e do Centro de Controle de Zoonoses (CCZ), vinculado \u00e0 Secretaria de Sa\u00fade (SESAU), realizar\u00e1, no s\u00e1bado de Carnaval (10\/02), a quinta edi\u00e7\u00e3o do Carnapet, uma grande oportunidade para os foli\u00f5es curtirem o Carnaval acompanhados [&hellip;]<\/p>\n","protected":false},"author":28,"featured_media":22782,"comment_status":"open","ping_status":"open","sticky":false,"template":"","format":"standard","meta":{"footnotes":""},"categories":[12,13],"tags":[],"class_list":["post-22780","post","type-post","status-publish","format-standard","has-post-thumbnail","hentry","category-eventos","category-sao-sebastiao"],"aioseo_notices":[],"_links":{"self":[{"href":"https:\/\/lrm67.com\/index.php\/wp-json\/wp\/v2\/posts\/22780","targetHints":{"allow":["GET"]}}],"collection":[{"href":"https:\/\/lrm67.com\/index.php\/wp-json\/wp\/v2\/posts"}],"about":[{"href":"https:\/\/lrm67.com\/index.php\/wp-json\/wp\/v2\/types\/post"}],"author":[{"embeddable":true,"href":"https:\/\/lrm67.com\/index.php\/wp-json\/wp\/v2\/users\/28"}],"replies":[{"embeddable":true,"href":"https:\/\/lrm67.com\/index.php\/wp-json\/wp\/v2\/comments?post=22780"}],"version-history":[{"count":1,"href":"https:\/\/lrm67.com\/index.php\/wp-json\/wp\/v2\/posts\/22780\/revisions"}],"predecessor-version":[{"id":22783,"href":"https:\/\/lrm67.com\/index.php\/wp-json\/wp\/v2\/posts\/22780\/revisions\/22783"}],"wp:featuredmedia":[{"embeddable":true,"href":"https:\/\/lrm67.com\/index.php\/wp-json\/wp\/v2\/media\/22782"}],"wp:attachment":[{"href":"https:\/\/lrm67.com\/index.php\/wp-json\/wp\/v2\/media?parent=22780"}],"wp:term":[{"taxonomy":"category","embeddable":true,"href":"https:\/\/lrm67.com\/index.php\/wp-json\/wp\/v2\/categories?post=22780"},{"taxonomy":"post_tag","embeddable":true,"href":"https:\/\/lrm67.com\/index.php\/wp-json\/wp\/v2\/tags?post=22780"}],"curies":[{"name":"wp","href":"https:\/\/api.w.org\/{rel}","templated":true}]}}