{"id":22774,"date":"2024-01-16T08:53:57","date_gmt":"2024-01-16T11:53:57","guid":{"rendered":"https:\/\/lrm67.com\/?p=22774"},"modified":"2024-01-16T08:53:57","modified_gmt":"2024-01-16T11:53:57","slug":"sao-sebastiao-e-contemplado-com-nova-equipe-de-saude-da-familia-para-atuar-em-maresias","status":"publish","type":"post","link":"https:\/\/lrm67.com\/index.php\/2024\/01\/16\/sao-sebastiao-e-contemplado-com-nova-equipe-de-saude-da-familia-para-atuar-em-maresias\/","title":{"rendered":"S\u00e3o Sebasti\u00e3o \u00e9 contemplado com nova equipe de Sa\u00fade da Fam\u00edlia para atuar em Maresias"},"content":{"rendered":"<p>S\u00e3o Sebasti\u00e3o foi contemplado pelo Minist\u00e9rio da Sa\u00fade (MS) com mais uma equipe de Sa\u00fade da Fam\u00edlia (eSF) para atua\u00e7\u00e3o no \u00e2mbito da Aten\u00e7\u00e3o Prim\u00e1ria \u00e0 Sa\u00fade (APS). A nova equipe ser\u00e1 implantada em Maresias, compondo a Unidade de Sa\u00fade da Fam\u00edlia (USF) Maresias 3. Com a aquisi\u00e7\u00e3o, o munic\u00edpio passar\u00e1 a contar com 26 eSFs.<\/p>\n<p>A portaria que credencia novas equipes de Sa\u00fade da Fam\u00edlia \u00e9 a MS n\u00ba 3.054, de 8 de janeiro de 2024, e foi publicada no Di\u00e1rio Oficial da Uni\u00e3o de 9 de janeiro.<\/p>\n<p>O diretor de Aten\u00e7\u00e3o B\u00e1sica da Funda\u00e7\u00e3o de Sa\u00fade P\u00fablica (FSPSS), Paulo Henrique Ribeiro Santana, explica que, a partir da publica\u00e7\u00e3o da Portaria, o munic\u00edpio tem tr\u00eas meses para iniciar as atividades da eSF.<\/p>\n<p>\u201cJ\u00e1 estamos trabalhando na territorializa\u00e7\u00e3o para distribuir a popula\u00e7\u00e3o do bairro entre as tr\u00eas equipes. Tamb\u00e9m j\u00e1 temos a enfermeira e o m\u00e9dico que ser\u00e3o respons\u00e1veis pela nova\u00a0equipe\u201d, conta Paulo Henrique.<\/p>\n<p>O secret\u00e1rio de Sa\u00fade e vice-prefeito de S\u00e3o Sebasti\u00e3o, Reinaldinho Moreira, explica que, \u201cao implantar a terceira equipe de Sa\u00fade da Fam\u00edlia em Maresias,\u00a0daremos um salto de qualidade no atendimento da popula\u00e7\u00e3o desse bairro, prestando um servi\u00e7o humanizado e acolhedor.\u201d<\/p>\n","protected":false},"excerpt":{"rendered":"<p>S\u00e3o Sebasti\u00e3o foi contemplado pelo Minist\u00e9rio da Sa\u00fade (MS) com mais uma equipe de Sa\u00fade da Fam\u00edlia (eSF) para atua\u00e7\u00e3o no \u00e2mbito da Aten\u00e7\u00e3o Prim\u00e1ria \u00e0 Sa\u00fade (APS). A nova equipe ser\u00e1 implantada em Maresias, compondo a Unidade de Sa\u00fade da Fam\u00edlia (USF) Maresias 3. Com a aquisi\u00e7\u00e3o, o munic\u00edpio passar\u00e1 a contar com 26 [&hellip;]<\/p>\n","protected":false},"author":28,"featured_media":22775,"comment_status":"open","ping_status":"open","sticky":false,"template":"","format":"standard","meta":{"footnotes":""},"categories":[2,13,10],"tags":[],"class_list":["post-22774","post","type-post","status-publish","format-standard","has-post-thumbnail","hentry","category-geral","category-sao-sebastiao","category-saude"],"aioseo_notices":[],"_links":{"self":[{"href":"https:\/\/lrm67.com\/index.php\/wp-json\/wp\/v2\/posts\/22774","targetHints":{"allow":["GET"]}}],"collection":[{"href":"https:\/\/lrm67.com\/index.php\/wp-json\/wp\/v2\/posts"}],"about":[{"href":"https:\/\/lrm67.com\/index.php\/wp-json\/wp\/v2\/types\/post"}],"author":[{"embeddable":true,"href":"https:\/\/lrm67.com\/index.php\/wp-json\/wp\/v2\/users\/28"}],"replies":[{"embeddable":true,"href":"https:\/\/lrm67.com\/index.php\/wp-json\/wp\/v2\/comments?post=22774"}],"version-history":[{"count":1,"href":"https:\/\/lrm67.com\/index.php\/wp-json\/wp\/v2\/posts\/22774\/revisions"}],"predecessor-version":[{"id":22776,"href":"https:\/\/lrm67.com\/index.php\/wp-json\/wp\/v2\/posts\/22774\/revisions\/22776"}],"wp:featuredmedia":[{"embeddable":true,"href":"https:\/\/lrm67.com\/index.php\/wp-json\/wp\/v2\/media\/22775"}],"wp:attachment":[{"href":"https:\/\/lrm67.com\/index.php\/wp-json\/wp\/v2\/media?parent=22774"}],"wp:term":[{"taxonomy":"category","embeddable":true,"href":"https:\/\/lrm67.com\/index.php\/wp-json\/wp\/v2\/categories?post=22774"},{"taxonomy":"post_tag","embeddable":true,"href":"https:\/\/lrm67.com\/index.php\/wp-json\/wp\/v2\/tags?post=22774"}],"curies":[{"name":"wp","href":"https:\/\/api.w.org\/{rel}","templated":true}]}}